{"id":2717,"date":"2024-11-28T12:18:08","date_gmt":"2024-11-28T15:18:08","guid":{"rendered":"https:\/\/lasilusiones.com.ar\/blog\/?p=2717"},"modified":"2024-11-28T12:34:07","modified_gmt":"2024-11-28T15:34:07","slug":"las-ilusiones-en-los-medios-3","status":"publish","type":"post","link":"https:\/\/lasilusiones.com.ar\/blog\/las-ilusiones-en-los-medios-3\/","title":{"rendered":"Las Ilusiones en los medios"},"content":{"rendered":"\n<p><\/p>\n\n\n\n<p><strong>Nina \u00c1vila<\/strong>, nuestra vice directora y <strong>Jorge Maxi Ortiz,<\/strong> artista de la sede CABA, estuvieron en el programa radial <strong>&#8220;En Voz Alta&#8221;,<\/strong> de la emisora <strong>1920 &#8211; Los locos de la azotea<\/strong>. All\u00ed conversaron<strong> <\/strong>sobre las actividades de Las Ilusiones en sus 16 a\u00f1os de trayectoria, formada hoy por 480 familias.<\/p>\n\n\n<div class=\"wp-block-image\">\n<figure class=\"aligncenter size-full is-resized\"><img loading=\"lazy\" decoding=\"async\" width=\"994\" height=\"555\" src=\"https:\/\/lasilusiones.com.ar\/blog\/wp-content\/uploads\/2024\/11\/WhatsApp-Image-2024-11-28-at-12.15.48-1.jpeg\" alt=\"\" class=\"wp-image-2719\" style=\"width:687px;height:auto\" srcset=\"https:\/\/lasilusiones.com.ar\/blog\/wp-content\/uploads\/2024\/11\/WhatsApp-Image-2024-11-28-at-12.15.48-1.jpeg 994w, https:\/\/lasilusiones.com.ar\/blog\/wp-content\/uploads\/2024\/11\/WhatsApp-Image-2024-11-28-at-12.15.48-1-300x168.jpeg 300w, https:\/\/lasilusiones.com.ar\/blog\/wp-content\/uploads\/2024\/11\/WhatsApp-Image-2024-11-28-at-12.15.48-1-768x429.jpeg 768w\" sizes=\"auto, (max-width: 994px) 100vw, 994px\" \/><\/figure>\n<\/div>\n\n\n<p>Durante la entrevista Nina, psicopedagoga, actriz, directora de teatro y vicedirectora de <em>Las Ilusiones<\/em>, cont\u00f3 sobre sus m\u00faltiples roles y proyectos tanto dentro de la compa\u00f1\u00eda, como por fuera. All\u00ed mencion\u00f3 que tambi\u00e9n dirige <em>Magia Inclusiva<\/em> y que es autora del libro <em>Soy Galo <\/em>(libro que aborda el S\u00edndrome de Down desde una perspectiva infantil). Nina detall\u00f3 c\u00f3mo surgi\u00f3 el libro <em>Soy Galo<\/em>, ilustrado por Galo Thorp, un joven con S\u00edndrome de Down, publicado en 2019 y presentado en ferias literarias, con gran impacto en familias y escuelas.<\/p>\n\n\n\n<p>Jorge Maxi, por su parte, cont\u00f3 que hace 5 a\u00f1os forma parte de Las Ilusiones y que hoy, adem\u00e1s de ser un artista apasionado por el teatro, es preceptor en arte, una figura clave que gu\u00eda y acompa\u00f1a a los j\u00f3venes durante la clase y que colabora en proyectos de Casa TAO, nuestra iniciativa de autonom\u00eda y vida independiente. Jorge detall\u00f3 algunas de las actividades que se desarrollan all\u00ed: talleres pr\u00e1cticos de cocina, hacer compras, limpiar y usar electrodom\u00e9sticos. Tambi\u00e9n se organizan actividades como pijamadas y pernoctadas para fomentar la convivencia y la independencia y eventos especiales, como el Boliche TAO, un espacio mensual para disfrutar m\u00fasica, baile y socializar en un boliche real, promoviendo vivencias propias de la edad.\u00a0\u00a0<\/p>\n\n\n\n<p>Para cerrar tambi\u00e9n contaron sobre el programa TAO Viajes, experiencias donde los participantes conviven durante varios d\u00edas en lugares \u00fanicos, como el viaje a El Calafate, donde Jorge y otros j\u00f3venes disfrutaron del fr\u00edo, la nieve y la grandeza del glaciar. Estos proyectos no solo desarrollan habilidades, sino tambi\u00e9n fortalecen v\u00ednculos, independencia y experiencias de vida.<\/p>\n\n\n\n<p>Finalmente, hubo espacio para los mensajes de gratitud y saludos por parte de otros artistas de <em>Las Ilusiones<\/em>, quienes reconocen el impacto positivo de la comunidad naranja en sus vidas.<\/p>\n\n\n\n<p><strong>\u00a1Les dejamos el link a la<a href=\"https:\/\/www.youtube.com\/watch?v=zTAMjR60rlE\"> entrevista completa<\/a>!<\/strong><\/p>\n\n\n\n<p><\/p>\n","protected":false},"excerpt":{"rendered":"<p>Nina \u00c1vila, nuestra vice directora y Jorge Maxi Ortiz, artista de la sede CABA, estuvieron en el programa radial &#8220;En Voz Alta&#8221;, de la emisora&hellip;<\/p>\n","protected":false},"author":2,"featured_media":0,"comment_status":"open","ping_status":"open","sticky":false,"template":"","format":"standard","meta":{"_monsterinsights_skip_tracking":false,"_monsterinsights_sitenote_active":false,"_monsterinsights_sitenote_note":"","_monsterinsights_sitenote_category":0,"footnotes":""},"categories":[4],"tags":[],"class_list":["post-2717","post","type-post","status-publish","format-standard","hentry","category-articulo"],"_links":{"self":[{"href":"https:\/\/lasilusiones.com.ar\/blog\/wp-json\/wp\/v2\/posts\/2717","targetHints":{"allow":["GET"]}}],"collection":[{"href":"https:\/\/lasilusiones.com.ar\/blog\/wp-json\/wp\/v2\/posts"}],"about":[{"href":"https:\/\/lasilusiones.com.ar\/blog\/wp-json\/wp\/v2\/types\/post"}],"author":[{"embeddable":true,"href":"https:\/\/lasilusiones.com.ar\/blog\/wp-json\/wp\/v2\/users\/2"}],"replies":[{"embeddable":true,"href":"https:\/\/lasilusiones.com.ar\/blog\/wp-json\/wp\/v2\/comments?post=2717"}],"version-history":[{"count":3,"href":"https:\/\/lasilusiones.com.ar\/blog\/wp-json\/wp\/v2\/posts\/2717\/revisions"}],"predecessor-version":[{"id":2722,"href":"https:\/\/lasilusiones.com.ar\/blog\/wp-json\/wp\/v2\/posts\/2717\/revisions\/2722"}],"wp:attachment":[{"href":"https:\/\/lasilusiones.com.ar\/blog\/wp-json\/wp\/v2\/media?parent=2717"}],"wp:term":[{"taxonomy":"category","embeddable":true,"href":"https:\/\/lasilusiones.com.ar\/blog\/wp-json\/wp\/v2\/categories?post=2717"},{"taxonomy":"post_tag","embeddable":true,"href":"https:\/\/lasilusiones.com.ar\/blog\/wp-json\/wp\/v2\/tags?post=2717"}],"curies":[{"name":"wp","href":"https:\/\/api.w.org\/{rel}","templated":true}]}}