{"id":2724,"date":"2024-12-02T07:47:28","date_gmt":"2024-12-02T10:47:28","guid":{"rendered":"https:\/\/lasilusiones.com.ar\/blog\/?p=2724"},"modified":"2024-12-02T07:47:28","modified_gmt":"2024-12-02T10:47:28","slug":"entrevista-a-juan-ignacio-acosta-2","status":"publish","type":"post","link":"https:\/\/lasilusiones.com.ar\/blog\/entrevista-a-juan-ignacio-acosta-2\/","title":{"rendered":"Entrevista a Juan Ignacio Acosta"},"content":{"rendered":"\n<p><\/p>\n\n\n\n<p>Nuevamente nos invitaron al programa radial <strong>&#8220;En Voz Alta&#8221;, <\/strong>de la emisora 1920 &#8211; Los locos de la azotea. Esta vez fue el turno de Nacho, nuestro director.\u00a0<\/p>\n\n\n\n<p>En la entrevista cont\u00f3 que desde joven se vincul\u00f3 con el teatro, la ense\u00f1anza y por trabajar con personas con discapacidad y luego fusionar ambas \u00e1reas al fundar &#8220;Las Ilusiones&#8221;.\u00a0<\/p>\n\n\n<div class=\"wp-block-image\">\n<figure class=\"aligncenter size-large is-resized\"><img loading=\"lazy\" decoding=\"async\" width=\"1024\" height=\"573\" src=\"https:\/\/lasilusiones.com.ar\/blog\/wp-content\/uploads\/2024\/12\/nacho2-1024x573.jpg\" alt=\"\" class=\"wp-image-2726\" style=\"width:680px;height:auto\" srcset=\"https:\/\/lasilusiones.com.ar\/blog\/wp-content\/uploads\/2024\/12\/nacho2-1024x573.jpg 1024w, https:\/\/lasilusiones.com.ar\/blog\/wp-content\/uploads\/2024\/12\/nacho2-300x168.jpg 300w, https:\/\/lasilusiones.com.ar\/blog\/wp-content\/uploads\/2024\/12\/nacho2-768x430.jpg 768w, https:\/\/lasilusiones.com.ar\/blog\/wp-content\/uploads\/2024\/12\/nacho2.jpg 1280w\" sizes=\"auto, (max-width: 1024px) 100vw, 1024px\" \/><\/figure>\n<\/div>\n\n\n<p>Les dejamos <a href=\"https:\/\/www.youtube.com\/watch?v=bL8ZxR3PG3U\" data-type=\"link\" data-id=\"https:\/\/www.youtube.com\/watch?v=bL8ZxR3PG3U\">el link <\/a>para que puedan ver y escuchar todo el encuentro, donde se recorre la historia de esta comunidad inclusiva que comenz\u00f3 como una escuela de teatro para j\u00f3venes con discapacidad y hoy ha evolucionado para responder a las distintas necesidades de sus participantes y sus familias. Nacho explic\u00f3 el surgimiento de <strong>Casa TAO, una iniciativa dentro del Proyecto TAO<\/strong>, creada para apoyar la autonom\u00eda de personas con discapacidad.\u00a0<\/p>\n\n\n\n<p>TAO comenz\u00f3 como un programa de salidas culturales, con el objetivo de fomentar la conexi\u00f3n con el arte y la cultura como formas de aprendizaje y ocio enriquecedor y hoy dispone de un espacio f\u00edsico y talleres orientados al desarrollo de habilidades para la vida independiente.&nbsp;<\/p>\n\n\n\n<p>Tambi\u00e9n hubo oportunidad de contar sobre <strong>los viajes del Proyecto TAO, una de las innovaciones m\u00e1s significativas<\/strong>, que permiten a los participantes experimentar la independencia fuera de su entorno familiar. Estos viajes, que se realizan desde 2022, tienen una duraci\u00f3n m\u00ednima de cuatro d\u00edas y buscan potenciar la autogesti\u00f3n, la convivencia y el desarrollo personal. Los participantes est\u00e1n siempre acompa\u00f1ados por un equipo de Las Ilusiones, garantizando su seguridad y bienestar mientras aprenden a desenvolverse en nuevas situaciones. El proyecto Tao organiza una programaci\u00f3n anual de viajes, en cinco momentos clave del a\u00f1o: enero, febrero, Semana Santa, vacaciones de invierno y octubre. Los destinos var\u00edan, combinando propuestas tradicionales como Mar del Plata con opciones m\u00e1s aventureras como Calafate, Cataratas del Iguaz\u00fa y Ushuaia.<br><\/p>\n\n\n\n<p class=\"has-text-align-center\" style=\"font-size:18px\">\u00bfQu\u00e9 te pareci\u00f3 la entrevista? \u00a1Contanos en comentarios!<\/p>\n\n\n\n<h3 class=\"wp-block-heading has-regular-font-size\"><\/h3>\n","protected":false},"excerpt":{"rendered":"<p>Nuevamente nos invitaron al programa radial &#8220;En Voz Alta&#8221;, de la emisora 1920 &#8211; Los locos de la azotea. Esta vez fue el turno de&hellip;<\/p>\n","protected":false},"author":2,"featured_media":0,"comment_status":"open","ping_status":"open","sticky":false,"template":"","format":"standard","meta":{"_monsterinsights_skip_tracking":false,"_monsterinsights_sitenote_active":false,"_monsterinsights_sitenote_note":"","_monsterinsights_sitenote_category":0,"footnotes":""},"categories":[4],"tags":[],"class_list":["post-2724","post","type-post","status-publish","format-standard","hentry","category-articulo"],"_links":{"self":[{"href":"https:\/\/lasilusiones.com.ar\/blog\/wp-json\/wp\/v2\/posts\/2724","targetHints":{"allow":["GET"]}}],"collection":[{"href":"https:\/\/lasilusiones.com.ar\/blog\/wp-json\/wp\/v2\/posts"}],"about":[{"href":"https:\/\/lasilusiones.com.ar\/blog\/wp-json\/wp\/v2\/types\/post"}],"author":[{"embeddable":true,"href":"https:\/\/lasilusiones.com.ar\/blog\/wp-json\/wp\/v2\/users\/2"}],"replies":[{"embeddable":true,"href":"https:\/\/lasilusiones.com.ar\/blog\/wp-json\/wp\/v2\/comments?post=2724"}],"version-history":[{"count":1,"href":"https:\/\/lasilusiones.com.ar\/blog\/wp-json\/wp\/v2\/posts\/2724\/revisions"}],"predecessor-version":[{"id":2727,"href":"https:\/\/lasilusiones.com.ar\/blog\/wp-json\/wp\/v2\/posts\/2724\/revisions\/2727"}],"wp:attachment":[{"href":"https:\/\/lasilusiones.com.ar\/blog\/wp-json\/wp\/v2\/media?parent=2724"}],"wp:term":[{"taxonomy":"category","embeddable":true,"href":"https:\/\/lasilusiones.com.ar\/blog\/wp-json\/wp\/v2\/categories?post=2724"},{"taxonomy":"post_tag","embeddable":true,"href":"https:\/\/lasilusiones.com.ar\/blog\/wp-json\/wp\/v2\/tags?post=2724"}],"curies":[{"name":"wp","href":"https:\/\/api.w.org\/{rel}","templated":true}]}}