{"id":2728,"date":"2024-12-03T09:15:52","date_gmt":"2024-12-03T12:15:52","guid":{"rendered":"https:\/\/lasilusiones.com.ar\/blog\/?p=2728"},"modified":"2024-12-03T09:15:53","modified_gmt":"2024-12-03T12:15:53","slug":"3-de-diciembre-dia-internacional-de-las-personas-con-discapacidad-3","status":"publish","type":"post","link":"https:\/\/lasilusiones.com.ar\/blog\/3-de-diciembre-dia-internacional-de-las-personas-con-discapacidad-3\/","title":{"rendered":"3 de diciembre: D\u00eda Internacional de las Personas con Discapacidad"},"content":{"rendered":"\n<p><\/p>\n\n\n\n<p>En 1992, la Asamblea General de las Naciones Unidas proclam\u00f3 el d\u00eda 3 de diciembre como el D\u00eda Internacional de las Personas con Discapacidad.\u00a0 El objetivo de esta fecha es promover los derechos de las personas con discapacidad en todos los \u00e1mbitos de la sociedad y visibilizar y sensibilizar para evitar actitudes discriminatorias hacia este colectivo.<\/p>\n\n\n\n<p>Hace 16 a\u00f1os que en Las Ilusiones trabajamos para promover la inclusi\u00f3n real. Comenzamos desde el arte y hoy llevamos adelante numerosos proyectos que trascienden esas disciplinas y apuntan a la inserci\u00f3n social, laboral, cultural y la vida aut\u00f3noma.&nbsp;<\/p>\n\n\n\n<p>En esta fecha tan especial para nosotros como comunidad, queremos compartirles el documental sobre el programa <strong>\u201cPreceptores en Arte\u201d<\/strong>, una formaci\u00f3n pedag\u00f3gica, con un mix te\u00f3rico pr\u00e1ctico sobre artes esc\u00e9nicas, gratuita para los artistas de nuestra comunidad. Esta acci\u00f3n es auspiciada por Banco Comafi y Mecenazgo.<\/p>\n\n\n\n<p>Desde <a href=\"https:\/\/youtu.be\/Obn9lBrO34M?si=0e2iiuKykz5A8ozl\" data-type=\"link\" data-id=\"https:\/\/youtu.be\/Obn9lBrO34M?si=0e2iiuKykz5A8ozl\">aqu\u00ed pueden acceder<\/a> a ver el documental. \u00a1Esperamos que lo disfruten!<\/p>\n","protected":false},"excerpt":{"rendered":"<p>En 1992, la Asamblea General de las Naciones Unidas proclam\u00f3 el d\u00eda 3 de diciembre como el D\u00eda Internacional de las Personas con Discapacidad.\u00a0 El&hellip;<\/p>\n","protected":false},"author":2,"featured_media":0,"comment_status":"open","ping_status":"open","sticky":false,"template":"","format":"standard","meta":{"_monsterinsights_skip_tracking":false,"_monsterinsights_sitenote_active":false,"_monsterinsights_sitenote_note":"","_monsterinsights_sitenote_category":0,"footnotes":""},"categories":[4],"tags":[],"class_list":["post-2728","post","type-post","status-publish","format-standard","hentry","category-articulo"],"_links":{"self":[{"href":"https:\/\/lasilusiones.com.ar\/blog\/wp-json\/wp\/v2\/posts\/2728","targetHints":{"allow":["GET"]}}],"collection":[{"href":"https:\/\/lasilusiones.com.ar\/blog\/wp-json\/wp\/v2\/posts"}],"about":[{"href":"https:\/\/lasilusiones.com.ar\/blog\/wp-json\/wp\/v2\/types\/post"}],"author":[{"embeddable":true,"href":"https:\/\/lasilusiones.com.ar\/blog\/wp-json\/wp\/v2\/users\/2"}],"replies":[{"embeddable":true,"href":"https:\/\/lasilusiones.com.ar\/blog\/wp-json\/wp\/v2\/comments?post=2728"}],"version-history":[{"count":2,"href":"https:\/\/lasilusiones.com.ar\/blog\/wp-json\/wp\/v2\/posts\/2728\/revisions"}],"predecessor-version":[{"id":2731,"href":"https:\/\/lasilusiones.com.ar\/blog\/wp-json\/wp\/v2\/posts\/2728\/revisions\/2731"}],"wp:attachment":[{"href":"https:\/\/lasilusiones.com.ar\/blog\/wp-json\/wp\/v2\/media?parent=2728"}],"wp:term":[{"taxonomy":"category","embeddable":true,"href":"https:\/\/lasilusiones.com.ar\/blog\/wp-json\/wp\/v2\/categories?post=2728"},{"taxonomy":"post_tag","embeddable":true,"href":"https:\/\/lasilusiones.com.ar\/blog\/wp-json\/wp\/v2\/tags?post=2728"}],"curies":[{"name":"wp","href":"https:\/\/api.w.org\/{rel}","templated":true}]}}