{"id":2734,"date":"2024-12-09T01:44:51","date_gmt":"2024-12-09T04:44:51","guid":{"rendered":"https:\/\/lasilusiones.com.ar\/blog\/?p=2734"},"modified":"2024-12-09T01:47:49","modified_gmt":"2024-12-09T04:47:49","slug":"las-ilusiones-en-los-medios-4","status":"publish","type":"post","link":"https:\/\/lasilusiones.com.ar\/blog\/las-ilusiones-en-los-medios-4\/","title":{"rendered":"Las Ilusiones, en los medios"},"content":{"rendered":"\n<p>El jueves 5 de diciembre, Sabrina Mart\u00ednez Gandini, coordinadora de las sedes Olivos, San Isidro y Ballester estuvo en el programa de streaming <strong>&#8220;<a href=\"https:\/\/www.youtube.com\/@periodismoadaptado\" data-type=\"link\" data-id=\"https:\/\/www.youtube.com\/@periodismoadaptado\">Periodismo adaptado<\/a>&#8220;<\/strong> , donde cont\u00f3 todas las acciones que actualmente se desarrollan en Las Ilusiones.<\/p>\n\n\n<div class=\"wp-block-image\">\n<figure class=\"aligncenter size-large is-resized\"><img loading=\"lazy\" decoding=\"async\" width=\"1024\" height=\"571\" src=\"https:\/\/lasilusiones.com.ar\/blog\/wp-content\/uploads\/2024\/12\/Imagen-de-WhatsApp-2024-12-09-a-las-01.47.03_25373cc5-1024x571.jpg\" alt=\"\" class=\"wp-image-2736\" style=\"width:752px;height:auto\" srcset=\"https:\/\/lasilusiones.com.ar\/blog\/wp-content\/uploads\/2024\/12\/Imagen-de-WhatsApp-2024-12-09-a-las-01.47.03_25373cc5-1024x571.jpg 1024w, https:\/\/lasilusiones.com.ar\/blog\/wp-content\/uploads\/2024\/12\/Imagen-de-WhatsApp-2024-12-09-a-las-01.47.03_25373cc5-300x167.jpg 300w, https:\/\/lasilusiones.com.ar\/blog\/wp-content\/uploads\/2024\/12\/Imagen-de-WhatsApp-2024-12-09-a-las-01.47.03_25373cc5-768x428.jpg 768w, https:\/\/lasilusiones.com.ar\/blog\/wp-content\/uploads\/2024\/12\/Imagen-de-WhatsApp-2024-12-09-a-las-01.47.03_25373cc5.jpg 1280w\" sizes=\"auto, (max-width: 1024px) 100vw, 1024px\" \/><\/figure>\n<\/div>\n\n\n<p>Cont\u00f3 las actividades de formaci\u00f3n y profesionalizaci\u00f3n para las personas con discapacidad en las distintas disciplinas art\u00edsticas como tambi\u00e9n el programa &#8220;TAO&#8221;, orientado a fomentar autonom\u00eda y oportunidades laborales. La organizaci\u00f3n busca integrar a personas con y sin discapacidad en un ambiente que potencie las habilidades individuales y no las limitaciones.<\/p>\n\n\n\n<p>Algo que se remarc\u00f3 en la entrevista fue el enfoque del paradigma invertido: no se busca que las personas con discapacidad se adapten, sino adaptar los espacios a ellas. <\/p>\n\n\n\n<p>Sabrina tambi\u00e9n aprovech\u00f3 para resaltar el rol clave de las familias en este proceso y la importancia de promover un cambio cultural en el trato hacia las personas con discapacidad, valorando su singularidad y capacidad creativa.<\/p>\n\n\n\n<p>Les dejamos el link a la <a href=\"https:\/\/www.youtube.com\/watch?v=NwdiHTXgRy0\" data-type=\"link\" data-id=\"https:\/\/www.youtube.com\/watch?v=NwdiHTXgRy0\">entrevista completa<\/a>.<\/p>\n\n\n\n<p><\/p>\n","protected":false},"excerpt":{"rendered":"<p>El jueves 5 de diciembre, Sabrina Mart\u00ednez Gandini, coordinadora de las sedes Olivos, San Isidro y Ballester estuvo en el programa de streaming &#8220;Periodismo adaptado&#8220;&hellip;<\/p>\n","protected":false},"author":2,"featured_media":0,"comment_status":"open","ping_status":"open","sticky":false,"template":"","format":"standard","meta":{"_monsterinsights_skip_tracking":false,"_monsterinsights_sitenote_active":false,"_monsterinsights_sitenote_note":"","_monsterinsights_sitenote_category":0,"footnotes":""},"categories":[4],"tags":[],"class_list":["post-2734","post","type-post","status-publish","format-standard","hentry","category-articulo"],"_links":{"self":[{"href":"https:\/\/lasilusiones.com.ar\/blog\/wp-json\/wp\/v2\/posts\/2734","targetHints":{"allow":["GET"]}}],"collection":[{"href":"https:\/\/lasilusiones.com.ar\/blog\/wp-json\/wp\/v2\/posts"}],"about":[{"href":"https:\/\/lasilusiones.com.ar\/blog\/wp-json\/wp\/v2\/types\/post"}],"author":[{"embeddable":true,"href":"https:\/\/lasilusiones.com.ar\/blog\/wp-json\/wp\/v2\/users\/2"}],"replies":[{"embeddable":true,"href":"https:\/\/lasilusiones.com.ar\/blog\/wp-json\/wp\/v2\/comments?post=2734"}],"version-history":[{"count":2,"href":"https:\/\/lasilusiones.com.ar\/blog\/wp-json\/wp\/v2\/posts\/2734\/revisions"}],"predecessor-version":[{"id":2737,"href":"https:\/\/lasilusiones.com.ar\/blog\/wp-json\/wp\/v2\/posts\/2734\/revisions\/2737"}],"wp:attachment":[{"href":"https:\/\/lasilusiones.com.ar\/blog\/wp-json\/wp\/v2\/media?parent=2734"}],"wp:term":[{"taxonomy":"category","embeddable":true,"href":"https:\/\/lasilusiones.com.ar\/blog\/wp-json\/wp\/v2\/categories?post=2734"},{"taxonomy":"post_tag","embeddable":true,"href":"https:\/\/lasilusiones.com.ar\/blog\/wp-json\/wp\/v2\/tags?post=2734"}],"curies":[{"name":"wp","href":"https:\/\/api.w.org\/{rel}","templated":true}]}}