{"id":2738,"date":"2024-12-20T10:43:26","date_gmt":"2024-12-20T13:43:26","guid":{"rendered":"https:\/\/lasilusiones.com.ar\/blog\/?p=2738"},"modified":"2024-12-20T11:36:56","modified_gmt":"2024-12-20T14:36:56","slug":"asi-vivimos-nuestro-cierre-general-2024","status":"publish","type":"post","link":"https:\/\/lasilusiones.com.ar\/blog\/asi-vivimos-nuestro-cierre-general-2024\/","title":{"rendered":"As\u00ed vivimos nuestro Cierre General 2024"},"content":{"rendered":"\n<p><\/p>\n\n\n\n<p>Despu\u00e9s de varios a\u00f1os, volvimos a celebrar a lo grande, como era tradici\u00f3n de cada fin de a\u00f1o. Ayer, artistas, familias y equipo de Las Ilusiones nos juntamos en el Espacio Cultural Centeya para bailar, emocionarnos y reencontrarnos.<\/p>\n\n\n\n<p>A las 19 horas fue la convocatoria para las y los artistas y, a partir de ese momento, no pararon las sorpresas. En un sector del espacio, hab\u00eda un cuadro con un \u00e1rbol y tinta de color naranja para que cada uno pudiera dejar su huella en las ramas, simulando hojitas, y as\u00ed formar el \u00e1rbol de Las Ilusiones. En otro sector, muchos papelitos con la palabra <em>ilusiones<\/em>, para que las y los invitados pasaran y escribieran cu\u00e1l es su ilusi\u00f3n.\u00a0<\/p>\n\n\n\n<p>Adem\u00e1s de esta parte emotiva de reflexi\u00f3n y balances, hubo tiempo para la diversi\u00f3n y el baile. Estuvo Mart\u00edn, DJ con discapacidad que ya nos ha acompa\u00f1ado en otros eventos, que musicaliz\u00f3 los momentos de baile. Y como nos gusta mucho la m\u00fasica, tambi\u00e9n estuvieron Jorge Maxi Ortiz y Santiago Sala, representando a Los Bonette y Sabri Di Constanzo y Lu Ferrari nos regalaron dos canciones.<\/p>\n\n\n\n<figure class=\"wp-block-gallery has-nested-images columns-default is-cropped wp-block-gallery-1 is-layout-flex wp-block-gallery-is-layout-flex\">\n<figure class=\"wp-block-image size-large\"><img loading=\"lazy\" decoding=\"async\" width=\"1024\" height=\"683\" data-id=\"2742\" src=\"https:\/\/lasilusiones.com.ar\/blog\/wp-content\/uploads\/2024\/12\/WhatsApp-Image-2024-12-20-at-10.37.41-1-1-1024x683.jpeg\" alt=\"\" class=\"wp-image-2742\" srcset=\"https:\/\/lasilusiones.com.ar\/blog\/wp-content\/uploads\/2024\/12\/WhatsApp-Image-2024-12-20-at-10.37.41-1-1-1024x683.jpeg 1024w, https:\/\/lasilusiones.com.ar\/blog\/wp-content\/uploads\/2024\/12\/WhatsApp-Image-2024-12-20-at-10.37.41-1-1-300x200.jpeg 300w, https:\/\/lasilusiones.com.ar\/blog\/wp-content\/uploads\/2024\/12\/WhatsApp-Image-2024-12-20-at-10.37.41-1-1-768x512.jpeg 768w, https:\/\/lasilusiones.com.ar\/blog\/wp-content\/uploads\/2024\/12\/WhatsApp-Image-2024-12-20-at-10.37.41-1-1.jpeg 1280w\" sizes=\"auto, (max-width: 1024px) 100vw, 1024px\" \/><\/figure>\n\n\n\n<figure class=\"wp-block-image size-large\"><img loading=\"lazy\" decoding=\"async\" width=\"1024\" height=\"683\" data-id=\"2743\" src=\"https:\/\/lasilusiones.com.ar\/blog\/wp-content\/uploads\/2024\/12\/WhatsApp-Image-2024-12-20-at-10.40.22-1-1024x683.jpeg\" alt=\"\" class=\"wp-image-2743\" srcset=\"https:\/\/lasilusiones.com.ar\/blog\/wp-content\/uploads\/2024\/12\/WhatsApp-Image-2024-12-20-at-10.40.22-1-1024x683.jpeg 1024w, https:\/\/lasilusiones.com.ar\/blog\/wp-content\/uploads\/2024\/12\/WhatsApp-Image-2024-12-20-at-10.40.22-1-300x200.jpeg 300w, https:\/\/lasilusiones.com.ar\/blog\/wp-content\/uploads\/2024\/12\/WhatsApp-Image-2024-12-20-at-10.40.22-1-768x512.jpeg 768w, https:\/\/lasilusiones.com.ar\/blog\/wp-content\/uploads\/2024\/12\/WhatsApp-Image-2024-12-20-at-10.40.22-1.jpeg 1280w\" sizes=\"auto, (max-width: 1024px) 100vw, 1024px\" \/><\/figure>\n\n\n\n<figure class=\"wp-block-image size-large\"><img loading=\"lazy\" decoding=\"async\" width=\"1024\" height=\"683\" data-id=\"2744\" src=\"https:\/\/lasilusiones.com.ar\/blog\/wp-content\/uploads\/2024\/12\/WhatsApp-Image-2024-12-20-at-10.37.40-2-1-1024x683.jpeg\" alt=\"\" class=\"wp-image-2744\" srcset=\"https:\/\/lasilusiones.com.ar\/blog\/wp-content\/uploads\/2024\/12\/WhatsApp-Image-2024-12-20-at-10.37.40-2-1-1024x683.jpeg 1024w, https:\/\/lasilusiones.com.ar\/blog\/wp-content\/uploads\/2024\/12\/WhatsApp-Image-2024-12-20-at-10.37.40-2-1-300x200.jpeg 300w, https:\/\/lasilusiones.com.ar\/blog\/wp-content\/uploads\/2024\/12\/WhatsApp-Image-2024-12-20-at-10.37.40-2-1-768x512.jpeg 768w, https:\/\/lasilusiones.com.ar\/blog\/wp-content\/uploads\/2024\/12\/WhatsApp-Image-2024-12-20-at-10.37.40-2-1.jpeg 1280w\" sizes=\"auto, (max-width: 1024px) 100vw, 1024px\" \/><\/figure>\n<\/figure>\n\n\n\n<p>La emoci\u00f3n fue parte importante de la noche. Compartimos el video de preceptores y los invitamos a subir al escenario y tambi\u00e9n vivimos un momento especial donde homenajeamos a Julieta Segade, Sabrina Martinez Gandini, Luc\u00eda Ferrari, Nadia Membielle, y a nuestra vice directora, Nina, que hace 10 a\u00f1os forman parte del equipo.<\/p>\n\n\n\n<figure class=\"wp-block-gallery has-nested-images columns-default is-cropped wp-block-gallery-2 is-layout-flex wp-block-gallery-is-layout-flex\">\n<figure class=\"wp-block-image size-large\"><img loading=\"lazy\" decoding=\"async\" width=\"1024\" height=\"683\" data-id=\"2745\" src=\"https:\/\/lasilusiones.com.ar\/blog\/wp-content\/uploads\/2024\/12\/WhatsApp-Image-2024-12-20-at-10.37.41-1024x683.jpeg\" alt=\"\" class=\"wp-image-2745\" srcset=\"https:\/\/lasilusiones.com.ar\/blog\/wp-content\/uploads\/2024\/12\/WhatsApp-Image-2024-12-20-at-10.37.41-1024x683.jpeg 1024w, https:\/\/lasilusiones.com.ar\/blog\/wp-content\/uploads\/2024\/12\/WhatsApp-Image-2024-12-20-at-10.37.41-300x200.jpeg 300w, https:\/\/lasilusiones.com.ar\/blog\/wp-content\/uploads\/2024\/12\/WhatsApp-Image-2024-12-20-at-10.37.41-768x512.jpeg 768w, https:\/\/lasilusiones.com.ar\/blog\/wp-content\/uploads\/2024\/12\/WhatsApp-Image-2024-12-20-at-10.37.41.jpeg 1280w\" sizes=\"auto, (max-width: 1024px) 100vw, 1024px\" \/><\/figure>\n\n\n\n<figure class=\"wp-block-image size-large\"><img loading=\"lazy\" decoding=\"async\" width=\"1024\" height=\"683\" data-id=\"2746\" src=\"https:\/\/lasilusiones.com.ar\/blog\/wp-content\/uploads\/2024\/12\/WhatsApp-Image-2024-12-20-at-10.37.40-1024x683.jpeg\" alt=\"\" class=\"wp-image-2746\" srcset=\"https:\/\/lasilusiones.com.ar\/blog\/wp-content\/uploads\/2024\/12\/WhatsApp-Image-2024-12-20-at-10.37.40-1024x683.jpeg 1024w, https:\/\/lasilusiones.com.ar\/blog\/wp-content\/uploads\/2024\/12\/WhatsApp-Image-2024-12-20-at-10.37.40-300x200.jpeg 300w, https:\/\/lasilusiones.com.ar\/blog\/wp-content\/uploads\/2024\/12\/WhatsApp-Image-2024-12-20-at-10.37.40-768x512.jpeg 768w, https:\/\/lasilusiones.com.ar\/blog\/wp-content\/uploads\/2024\/12\/WhatsApp-Image-2024-12-20-at-10.37.40.jpeg 1280w\" sizes=\"auto, (max-width: 1024px) 100vw, 1024px\" \/><\/figure>\n<\/figure>\n\n\n\n<p>Tuvimos grandes sorteos de becas y viajes, pero las sorpresas no dejaban de sumarse. El gran final del encuentro fue una noticia conmovedora: <strong>en enero 2025 comienza la construcci\u00f3n de la Casa Tono, nuestro proyecto de vivienda independiente y centro de d\u00eda, junto al auspicio de Banco COMAFI.<\/strong><\/p>\n\n\n\n<figure class=\"wp-block-gallery has-nested-images columns-default is-cropped wp-block-gallery-3 is-layout-flex wp-block-gallery-is-layout-flex\">\n<figure class=\"wp-block-image size-large\"><img loading=\"lazy\" decoding=\"async\" width=\"1024\" height=\"683\" data-id=\"2747\" src=\"https:\/\/lasilusiones.com.ar\/blog\/wp-content\/uploads\/2024\/12\/WhatsApp-Image-2024-12-20-at-10.41.44-1024x683.jpeg\" alt=\"\" class=\"wp-image-2747\" srcset=\"https:\/\/lasilusiones.com.ar\/blog\/wp-content\/uploads\/2024\/12\/WhatsApp-Image-2024-12-20-at-10.41.44-1024x683.jpeg 1024w, https:\/\/lasilusiones.com.ar\/blog\/wp-content\/uploads\/2024\/12\/WhatsApp-Image-2024-12-20-at-10.41.44-300x200.jpeg 300w, https:\/\/lasilusiones.com.ar\/blog\/wp-content\/uploads\/2024\/12\/WhatsApp-Image-2024-12-20-at-10.41.44-768x512.jpeg 768w, https:\/\/lasilusiones.com.ar\/blog\/wp-content\/uploads\/2024\/12\/WhatsApp-Image-2024-12-20-at-10.41.44.jpeg 1280w\" sizes=\"auto, (max-width: 1024px) 100vw, 1024px\" \/><\/figure>\n\n\n\n<figure class=\"wp-block-image size-large\"><img loading=\"lazy\" decoding=\"async\" width=\"1024\" height=\"683\" data-id=\"2748\" src=\"https:\/\/lasilusiones.com.ar\/blog\/wp-content\/uploads\/2024\/12\/WhatsApp-Image-2024-12-20-at-10.37.02-1024x683.jpeg\" alt=\"\" class=\"wp-image-2748\" srcset=\"https:\/\/lasilusiones.com.ar\/blog\/wp-content\/uploads\/2024\/12\/WhatsApp-Image-2024-12-20-at-10.37.02-1024x683.jpeg 1024w, https:\/\/lasilusiones.com.ar\/blog\/wp-content\/uploads\/2024\/12\/WhatsApp-Image-2024-12-20-at-10.37.02-300x200.jpeg 300w, https:\/\/lasilusiones.com.ar\/blog\/wp-content\/uploads\/2024\/12\/WhatsApp-Image-2024-12-20-at-10.37.02-768x512.jpeg 768w, https:\/\/lasilusiones.com.ar\/blog\/wp-content\/uploads\/2024\/12\/WhatsApp-Image-2024-12-20-at-10.37.02.jpeg 1280w\" sizes=\"auto, (max-width: 1024px) 100vw, 1024px\" \/><\/figure>\n<\/figure>\n\n\n\n<p><\/p>\n\n\n\n<p class=\"has-text-align-center\" style=\"font-size:18px\"><strong>Todo el equipo de Las Ilusiones agradece darnos la confianza y el amor para seguir caminando juntos este camino de la inclusi\u00f3n. \u00a1Feliz a\u00f1o!<\/strong><\/p>\n\n\n\n<figure class=\"wp-block-image size-large\"><img loading=\"lazy\" decoding=\"async\" width=\"1024\" height=\"683\" src=\"https:\/\/lasilusiones.com.ar\/blog\/wp-content\/uploads\/2024\/12\/WhatsApp-Image-2024-12-20-at-10.37.40-1-1024x683.jpeg\" alt=\"\" class=\"wp-image-2749\" srcset=\"https:\/\/lasilusiones.com.ar\/blog\/wp-content\/uploads\/2024\/12\/WhatsApp-Image-2024-12-20-at-10.37.40-1-1024x683.jpeg 1024w, https:\/\/lasilusiones.com.ar\/blog\/wp-content\/uploads\/2024\/12\/WhatsApp-Image-2024-12-20-at-10.37.40-1-300x200.jpeg 300w, https:\/\/lasilusiones.com.ar\/blog\/wp-content\/uploads\/2024\/12\/WhatsApp-Image-2024-12-20-at-10.37.40-1-768x512.jpeg 768w, https:\/\/lasilusiones.com.ar\/blog\/wp-content\/uploads\/2024\/12\/WhatsApp-Image-2024-12-20-at-10.37.40-1.jpeg 1280w\" sizes=\"auto, (max-width: 1024px) 100vw, 1024px\" \/><\/figure>\n","protected":false},"excerpt":{"rendered":"<p>Despu\u00e9s de varios a\u00f1os, volvimos a celebrar a lo grande, como era tradici\u00f3n de cada fin de a\u00f1o. Ayer, artistas, familias y equipo de Las&hellip;<\/p>\n","protected":false},"author":2,"featured_media":0,"comment_status":"open","ping_status":"open","sticky":false,"template":"","format":"standard","meta":{"_monsterinsights_skip_tracking":false,"_monsterinsights_sitenote_active":false,"_monsterinsights_sitenote_note":"","_monsterinsights_sitenote_category":0,"footnotes":""},"categories":[4],"tags":[],"class_list":["post-2738","post","type-post","status-publish","format-standard","hentry","category-articulo"],"_links":{"self":[{"href":"https:\/\/lasilusiones.com.ar\/blog\/wp-json\/wp\/v2\/posts\/2738","targetHints":{"allow":["GET"]}}],"collection":[{"href":"https:\/\/lasilusiones.com.ar\/blog\/wp-json\/wp\/v2\/posts"}],"about":[{"href":"https:\/\/lasilusiones.com.ar\/blog\/wp-json\/wp\/v2\/types\/post"}],"author":[{"embeddable":true,"href":"https:\/\/lasilusiones.com.ar\/blog\/wp-json\/wp\/v2\/users\/2"}],"replies":[{"embeddable":true,"href":"https:\/\/lasilusiones.com.ar\/blog\/wp-json\/wp\/v2\/comments?post=2738"}],"version-history":[{"count":3,"href":"https:\/\/lasilusiones.com.ar\/blog\/wp-json\/wp\/v2\/posts\/2738\/revisions"}],"predecessor-version":[{"id":2752,"href":"https:\/\/lasilusiones.com.ar\/blog\/wp-json\/wp\/v2\/posts\/2738\/revisions\/2752"}],"wp:attachment":[{"href":"https:\/\/lasilusiones.com.ar\/blog\/wp-json\/wp\/v2\/media?parent=2738"}],"wp:term":[{"taxonomy":"category","embeddable":true,"href":"https:\/\/lasilusiones.com.ar\/blog\/wp-json\/wp\/v2\/categories?post=2738"},{"taxonomy":"post_tag","embeddable":true,"href":"https:\/\/lasilusiones.com.ar\/blog\/wp-json\/wp\/v2\/tags?post=2738"}],"curies":[{"name":"wp","href":"https:\/\/api.w.org\/{rel}","templated":true}]}}