{"id":2768,"date":"2025-03-13T06:51:13","date_gmt":"2025-03-13T09:51:13","guid":{"rendered":"https:\/\/lasilusiones.com.ar\/blog\/?p=2768"},"modified":"2025-03-13T12:36:05","modified_gmt":"2025-03-13T15:36:05","slug":"27-de-febrero-dia-mundial-de-las-ong","status":"publish","type":"post","link":"https:\/\/lasilusiones.com.ar\/blog\/27-de-febrero-dia-mundial-de-las-ong\/","title":{"rendered":"27 de febrero: D\u00eda Mundial de las ONG"},"content":{"rendered":"\n<h3 class=\"wp-block-heading has-regular-font-size\"><\/h3>\n\n\n\n<p>Este d\u00eda fue establecido para reconocer el trabajo y el impacto de las Organizaciones No Gubernamentales (ONG) en el desarrollo social.&nbsp;<\/p>\n\n\n\n<p>No dependen directamente del Estado ni de empresas privadas y su objetivo principal es generar impacto positivo en la sociedad.<\/p>\n\n\n\n<p>Este d\u00eda busca:<\/p>\n\n\n\n<h3 class=\"wp-block-heading has-grey-color has-text-color has-link-color has-regular-font-size wp-elements-0e21f2a7a815b74ca90be4b0e6a2824f\">\u2714 <strong>Generar conciencia<\/strong> sobre la importancia del trabajo de estas organizaciones.<br>\u2714 <strong>Fomentar la colaboraci\u00f3n<\/strong> entre ONG, gobiernos y empresas.<br>\u2714 <strong>Reconocer el esfuerzo<\/strong> de los voluntarios y profesionales que trabajan en ellas.<\/h3>\n\n\n\n<p><strong>Despuntado, la ONG de Las Ilusiones<\/strong><\/p>\n\n\n\n<p>Despuntado surge para promover programas de inclusi\u00f3n en pos de la construcci\u00f3n y desarrollo de la vida independiente de las personas con discapacidad intelectual, al alcanzar la mayor\u00eda de edad. Es una respuesta a la preocupaci\u00f3n de las familias por la falta de espacios al finalizar la escolaridad y la escasez de propuestas para fomentar la autonom\u00eda. Si quer\u00e9s saber m\u00e1s, te invitamos a <a href=\"https:\/\/www.lasilusiones.com.ar\/despuntado.html\">visitar nuestra web.<\/a><\/p>\n\n\n\n<p>Despuntado se encuentra trabajando en un proyecto muy importante, con el apoyo y auspicio de Banco COMAFI.<\/p>\n\n\n\n<p><strong>\u201cLO DE TONO\u201d<\/strong> es la gran apuesta de este 2025. Ser\u00e1 un centro de d\u00eda con formaci\u00f3n laboral y residencia para personas con discapacidad intelectual. Un espacio donde cada residente transita un per\u00edodo de formaci\u00f3n para adquirir habilidades que le permita desenvolverse de manera independiente en la vida cotidiana. La propuesta combina espacios comunes, destinados a la interacci\u00f3n y participaci\u00f3n social contextualizada en el desarrollo de diversas \u00e1reas de ocupaci\u00f3n, como as\u00ed tambi\u00e9n, el fortalecimiento de \u00e1reas privadas que garantizan la intimidad, la autoestima y el descanso de cada usuario, para que las relaciones afectivas sean sanas y duraderas.<\/p>\n\n\n\n<p>La distribuci\u00f3n espacial equilibra estos dos \u00e1mbitos, fomentando el aprendizaje progresivo y la independencia dentro de un entorno seguro que contempla el acompa\u00f1amiento de cada participante. Desde el punto de vista laboral, este proyecto tiene como una de sus misiones, brindar oficios que las personas con discapacidad puedan aprender y desarrollar para una futura y real inserci\u00f3n laboral.&nbsp;<\/p>\n\n\n\n<p>Iniciamos el a\u00f1o con la construcci\u00f3n de esta obra que promete estar finalizada para fines del 2025. Los invitamos a colaborar, a trav\u00e9s de nuestro alias <em>despuntado<\/em> . \u00a1Todo aporte suma!<\/p>\n\n\n\n<p>Jorge Maxi, artista de la compa\u00f1\u00eda, nos cuenta sobre la construcci\u00f3n del espacio y nos deja un pedido.<a href=\"https:\/\/www.instagram.com\/reel\/DHJLSdARDZ3\/?igsh=cjFpcnY0aGVvdXpl\" data-type=\"link\" data-id=\"https:\/\/www.instagram.com\/reel\/DHJLSdARDZ3\/?igsh=cjFpcnY0aGVvdXpl\"> Mir\u00e1 el video.<\/a><\/p>\n\n\n\n<figure class=\"wp-block-gallery has-nested-images columns-default is-cropped wp-block-gallery-1 is-layout-flex wp-block-gallery-is-layout-flex\">\n<figure class=\"wp-block-image size-large\"><img loading=\"lazy\" decoding=\"async\" width=\"1024\" height=\"682\" data-id=\"2772\" src=\"https:\/\/lasilusiones.com.ar\/blog\/wp-content\/uploads\/2025\/03\/IMG-20250313-WA0006-1024x682.jpg\" alt=\"\" class=\"wp-image-2772\" srcset=\"https:\/\/lasilusiones.com.ar\/blog\/wp-content\/uploads\/2025\/03\/IMG-20250313-WA0006-1024x682.jpg 1024w, https:\/\/lasilusiones.com.ar\/blog\/wp-content\/uploads\/2025\/03\/IMG-20250313-WA0006-300x200.jpg 300w, https:\/\/lasilusiones.com.ar\/blog\/wp-content\/uploads\/2025\/03\/IMG-20250313-WA0006-768x512.jpg 768w, https:\/\/lasilusiones.com.ar\/blog\/wp-content\/uploads\/2025\/03\/IMG-20250313-WA0006.jpg 1280w\" sizes=\"auto, (max-width: 1024px) 100vw, 1024px\" \/><\/figure>\n\n\n\n<figure class=\"wp-block-image size-large\"><img loading=\"lazy\" decoding=\"async\" width=\"1024\" height=\"682\" data-id=\"2773\" src=\"https:\/\/lasilusiones.com.ar\/blog\/wp-content\/uploads\/2025\/03\/IMG-20250313-WA0005-1024x682.jpg\" alt=\"\" class=\"wp-image-2773\" srcset=\"https:\/\/lasilusiones.com.ar\/blog\/wp-content\/uploads\/2025\/03\/IMG-20250313-WA0005-1024x682.jpg 1024w, https:\/\/lasilusiones.com.ar\/blog\/wp-content\/uploads\/2025\/03\/IMG-20250313-WA0005-300x200.jpg 300w, https:\/\/lasilusiones.com.ar\/blog\/wp-content\/uploads\/2025\/03\/IMG-20250313-WA0005-768x512.jpg 768w, https:\/\/lasilusiones.com.ar\/blog\/wp-content\/uploads\/2025\/03\/IMG-20250313-WA0005.jpg 1280w\" sizes=\"auto, (max-width: 1024px) 100vw, 1024px\" \/><\/figure>\n<\/figure>\n\n\n\n<figure class=\"wp-block-gallery has-nested-images columns-default is-cropped wp-block-gallery-2 is-layout-flex wp-block-gallery-is-layout-flex\">\n<figure class=\"wp-block-image size-large\"><img loading=\"lazy\" decoding=\"async\" width=\"1024\" height=\"682\" data-id=\"2775\" src=\"https:\/\/lasilusiones.com.ar\/blog\/wp-content\/uploads\/2025\/03\/IMG-20250313-WA0008-1024x682.jpg\" alt=\"\" class=\"wp-image-2775\" srcset=\"https:\/\/lasilusiones.com.ar\/blog\/wp-content\/uploads\/2025\/03\/IMG-20250313-WA0008-1024x682.jpg 1024w, https:\/\/lasilusiones.com.ar\/blog\/wp-content\/uploads\/2025\/03\/IMG-20250313-WA0008-300x200.jpg 300w, https:\/\/lasilusiones.com.ar\/blog\/wp-content\/uploads\/2025\/03\/IMG-20250313-WA0008-768x512.jpg 768w, https:\/\/lasilusiones.com.ar\/blog\/wp-content\/uploads\/2025\/03\/IMG-20250313-WA0008.jpg 1280w\" sizes=\"auto, (max-width: 1024px) 100vw, 1024px\" \/><\/figure>\n\n\n\n<figure class=\"wp-block-image size-large\"><img loading=\"lazy\" decoding=\"async\" width=\"1024\" height=\"682\" data-id=\"2776\" src=\"https:\/\/lasilusiones.com.ar\/blog\/wp-content\/uploads\/2025\/03\/IMG-20250313-WA0007-1024x682.jpg\" alt=\"\" class=\"wp-image-2776\" srcset=\"https:\/\/lasilusiones.com.ar\/blog\/wp-content\/uploads\/2025\/03\/IMG-20250313-WA0007-1024x682.jpg 1024w, https:\/\/lasilusiones.com.ar\/blog\/wp-content\/uploads\/2025\/03\/IMG-20250313-WA0007-300x200.jpg 300w, https:\/\/lasilusiones.com.ar\/blog\/wp-content\/uploads\/2025\/03\/IMG-20250313-WA0007-768x512.jpg 768w, https:\/\/lasilusiones.com.ar\/blog\/wp-content\/uploads\/2025\/03\/IMG-20250313-WA0007.jpg 1280w\" sizes=\"auto, (max-width: 1024px) 100vw, 1024px\" \/><\/figure>\n<\/figure>\n\n\n\n<p>(*<em>PH ALE CARMONA<\/em>)<\/p>\n","protected":false},"excerpt":{"rendered":"<p>Este d\u00eda fue establecido para reconocer el trabajo y el impacto de las Organizaciones No Gubernamentales (ONG) en el desarrollo social.&nbsp; No dependen directamente del&hellip;<\/p>\n","protected":false},"author":2,"featured_media":0,"comment_status":"open","ping_status":"open","sticky":false,"template":"","format":"standard","meta":{"_monsterinsights_skip_tracking":false,"_monsterinsights_sitenote_active":false,"_monsterinsights_sitenote_note":"","_monsterinsights_sitenote_category":0,"footnotes":""},"categories":[4],"tags":[],"class_list":["post-2768","post","type-post","status-publish","format-standard","hentry","category-articulo"],"_links":{"self":[{"href":"https:\/\/lasilusiones.com.ar\/blog\/wp-json\/wp\/v2\/posts\/2768","targetHints":{"allow":["GET"]}}],"collection":[{"href":"https:\/\/lasilusiones.com.ar\/blog\/wp-json\/wp\/v2\/posts"}],"about":[{"href":"https:\/\/lasilusiones.com.ar\/blog\/wp-json\/wp\/v2\/types\/post"}],"author":[{"embeddable":true,"href":"https:\/\/lasilusiones.com.ar\/blog\/wp-json\/wp\/v2\/users\/2"}],"replies":[{"embeddable":true,"href":"https:\/\/lasilusiones.com.ar\/blog\/wp-json\/wp\/v2\/comments?post=2768"}],"version-history":[{"count":4,"href":"https:\/\/lasilusiones.com.ar\/blog\/wp-json\/wp\/v2\/posts\/2768\/revisions"}],"predecessor-version":[{"id":2779,"href":"https:\/\/lasilusiones.com.ar\/blog\/wp-json\/wp\/v2\/posts\/2768\/revisions\/2779"}],"wp:attachment":[{"href":"https:\/\/lasilusiones.com.ar\/blog\/wp-json\/wp\/v2\/media?parent=2768"}],"wp:term":[{"taxonomy":"category","embeddable":true,"href":"https:\/\/lasilusiones.com.ar\/blog\/wp-json\/wp\/v2\/categories?post=2768"},{"taxonomy":"post_tag","embeddable":true,"href":"https:\/\/lasilusiones.com.ar\/blog\/wp-json\/wp\/v2\/tags?post=2768"}],"curies":[{"name":"wp","href":"https:\/\/api.w.org\/{rel}","templated":true}]}}