{"id":277,"date":"2019-07-11T17:23:49","date_gmt":"2019-07-11T20:23:49","guid":{"rendered":"https:\/\/lasilusiones.com.ar\/blog\/?p=277"},"modified":"2019-07-11T17:23:49","modified_gmt":"2019-07-11T20:23:49","slug":"juan-ignacio-acosta-en-el-ombligo-del-mundo-de-radio-talk","status":"publish","type":"post","link":"https:\/\/lasilusiones.com.ar\/blog\/juan-ignacio-acosta-en-el-ombligo-del-mundo-de-radio-talk\/","title":{"rendered":"Juan Ignacio Acosta en &#8220;El Ombligo del Mundo&#8221; de Radio Talk"},"content":{"rendered":"<p>El director de la Compa\u00f1\u00eda Juan Ignacio Acosta brind\u00f3 una nota para &#8220;El ombligo del mundo&#8221; de radio Talk. Para poder escucharla completa pueden hacer Click debajo.<\/p>\n<p><iframe loading=\"lazy\" title=\"Juan Ignacio Acosta en &quot;El Ombligo del Mundo&quot; de Radio Talk\" width=\"525\" height=\"394\" src=\"https:\/\/www.youtube.com\/embed\/yyBCR48Bx6I?feature=oembed\" frameborder=\"0\" allow=\"accelerometer; autoplay; clipboard-write; encrypted-media; gyroscope; picture-in-picture; web-share\" referrerpolicy=\"strict-origin-when-cross-origin\" allowfullscreen><\/iframe><\/p>\n","protected":false},"excerpt":{"rendered":"<p>El director de la Compa\u00f1\u00eda Juan Ignacio Acosta brind\u00f3 una nota para &#8220;El ombligo del mundo&#8221; de radio Talk. Para poder escucharla completa pueden hacer&hellip;<\/p>\n","protected":false},"author":1,"featured_media":278,"comment_status":"open","ping_status":"open","sticky":false,"template":"","format":"standard","meta":{"_monsterinsights_skip_tracking":false,"_monsterinsights_sitenote_active":false,"_monsterinsights_sitenote_note":"","_monsterinsights_sitenote_category":0,"footnotes":""},"categories":[8],"tags":[],"class_list":["post-277","post","type-post","status-publish","format-standard","has-post-thumbnail","hentry","category-prensa"],"_links":{"self":[{"href":"https:\/\/lasilusiones.com.ar\/blog\/wp-json\/wp\/v2\/posts\/277","targetHints":{"allow":["GET"]}}],"collection":[{"href":"https:\/\/lasilusiones.com.ar\/blog\/wp-json\/wp\/v2\/posts"}],"about":[{"href":"https:\/\/lasilusiones.com.ar\/blog\/wp-json\/wp\/v2\/types\/post"}],"author":[{"embeddable":true,"href":"https:\/\/lasilusiones.com.ar\/blog\/wp-json\/wp\/v2\/users\/1"}],"replies":[{"embeddable":true,"href":"https:\/\/lasilusiones.com.ar\/blog\/wp-json\/wp\/v2\/comments?post=277"}],"version-history":[{"count":0,"href":"https:\/\/lasilusiones.com.ar\/blog\/wp-json\/wp\/v2\/posts\/277\/revisions"}],"wp:featuredmedia":[{"embeddable":true,"href":"https:\/\/lasilusiones.com.ar\/blog\/wp-json\/"}],"wp:attachment":[{"href":"https:\/\/lasilusiones.com.ar\/blog\/wp-json\/wp\/v2\/media?parent=277"}],"wp:term":[{"taxonomy":"category","embeddable":true,"href":"https:\/\/lasilusiones.com.ar\/blog\/wp-json\/wp\/v2\/categories?post=277"},{"taxonomy":"post_tag","embeddable":true,"href":"https:\/\/lasilusiones.com.ar\/blog\/wp-json\/wp\/v2\/tags?post=277"}],"curies":[{"name":"wp","href":"https:\/\/api.w.org\/{rel}","templated":true}]}}