{"id":2794,"date":"2025-04-29T09:48:18","date_gmt":"2025-04-29T12:48:18","guid":{"rendered":"https:\/\/lasilusiones.com.ar\/blog\/?p=2794"},"modified":"2025-04-29T11:12:56","modified_gmt":"2025-04-29T14:12:56","slug":"29-de-abril-dia-mundial-de-la-danza","status":"publish","type":"post","link":"https:\/\/lasilusiones.com.ar\/blog\/29-de-abril-dia-mundial-de-la-danza\/","title":{"rendered":"29 de abril: D\u00eda Mundial de la Danza"},"content":{"rendered":"\n<p>Cada 29 de abril se celebra el D\u00eda Mundial de la Danza, una fecha que rinde homenaje al nacimiento de Jean-Georges Noverre, considerado el padre del ballet moderno.&nbsp;La iniciativa fue creada en 1982 por el Comit\u00e9 de Danza del Instituto Internacional del Teatro, de la UNESCO, con el fin de destacar el valor cultural, social y educativo de la danza en todo el mundo.<\/p>\n\n\n\n<p>Este d\u00eda invita a reflexionar sobre la importancia de la danza, como lenguaje universal, capaz de traspasar barreras culturales, sociales y generacionales. Adem\u00e1s, busca fomentar la participaci\u00f3n y el acceso a la danza, promoviendo su integraci\u00f3n en los espacios educativos como herramienta para el desarrollo f\u00edsico, emocional y creativo de ni\u00f1os, ni\u00f1as y j\u00f3venes.<\/p>\n\n\n\n<p>En Las Ilusiones vivenciamos constantemente el poder transformador de la danza. Compartimos el testimonio de <strong>Julieta Segade<\/strong>, referente de danza, quien est\u00e1 a cargo del proceso creativo de <em><strong>Hilo<\/strong><\/em>:<\/p>\n\n\n\n<p><em>\u201cLa obra surgi\u00f3 a partir de un montaje de fin de a\u00f1o de la sede de Ballester en el a\u00f1o 2022. El objetivo po\u00e9tico y art\u00edstico es poner poes\u00edas en movimiento, todo encuadrado en la leyenda del hilo rojo (creencia de origen oriental que afirma que un hilo rojo invisible conecta a las personas destinadas a encontrarse, independientemente del tiempo o lugar). Este montaje profesional contar\u00e1 con 6 artistas, 4 bailarines con discapacidad y 2 bailarines incluidos. Los ensayos son los d\u00edas martes de 13 a 16 h en Espacio Aguirre. A estrenar en septiembre\/octubre 2025.&#8221;<\/em> Es importante mencionar que esta producci\u00f3n es auspiciado por el Fondo Nacional de las Artes.<\/p>\n\n\n\n<figure class=\"wp-block-image size-large\"><img loading=\"lazy\" decoding=\"async\" width=\"768\" height=\"1024\" src=\"https:\/\/lasilusiones.com.ar\/blog\/wp-content\/uploads\/2025\/04\/IMG-20250426-WA0041-768x1024.jpg\" alt=\"\" class=\"wp-image-2795\" srcset=\"https:\/\/lasilusiones.com.ar\/blog\/wp-content\/uploads\/2025\/04\/IMG-20250426-WA0041-768x1024.jpg 768w, https:\/\/lasilusiones.com.ar\/blog\/wp-content\/uploads\/2025\/04\/IMG-20250426-WA0041-225x300.jpg 225w, https:\/\/lasilusiones.com.ar\/blog\/wp-content\/uploads\/2025\/04\/IMG-20250426-WA0041-1152x1536.jpg 1152w, https:\/\/lasilusiones.com.ar\/blog\/wp-content\/uploads\/2025\/04\/IMG-20250426-WA0041.jpg 1200w\" sizes=\"auto, (max-width: 768px) 100vw, 768px\" \/><figcaption class=\"wp-element-caption\">Santi Demarco (CABA), Anto (Lan\u00fas), Mica Fern\u00e1ndez (Ramos) y Marcos (Olivos)<\/figcaption><\/figure>\n\n\n\n<p class=\"has-text-align-center\"><strong>La danza no solo se aprende, tambi\u00e9n se siente, se comparte y se transforma en comunidad.<\/strong><\/p>\n\n\n\n<p><\/p>\n","protected":false},"excerpt":{"rendered":"<p>Cada 29 de abril se celebra el D\u00eda Mundial de la Danza, una fecha que rinde homenaje al nacimiento de Jean-Georges Noverre, considerado el padre&hellip;<\/p>\n","protected":false},"author":1,"featured_media":0,"comment_status":"open","ping_status":"open","sticky":false,"template":"","format":"standard","meta":{"_monsterinsights_skip_tracking":false,"_monsterinsights_sitenote_active":false,"_monsterinsights_sitenote_note":"","_monsterinsights_sitenote_category":0,"footnotes":""},"categories":[4],"tags":[],"class_list":["post-2794","post","type-post","status-publish","format-standard","hentry","category-articulo"],"_links":{"self":[{"href":"https:\/\/lasilusiones.com.ar\/blog\/wp-json\/wp\/v2\/posts\/2794","targetHints":{"allow":["GET"]}}],"collection":[{"href":"https:\/\/lasilusiones.com.ar\/blog\/wp-json\/wp\/v2\/posts"}],"about":[{"href":"https:\/\/lasilusiones.com.ar\/blog\/wp-json\/wp\/v2\/types\/post"}],"author":[{"embeddable":true,"href":"https:\/\/lasilusiones.com.ar\/blog\/wp-json\/wp\/v2\/users\/1"}],"replies":[{"embeddable":true,"href":"https:\/\/lasilusiones.com.ar\/blog\/wp-json\/wp\/v2\/comments?post=2794"}],"version-history":[{"count":2,"href":"https:\/\/lasilusiones.com.ar\/blog\/wp-json\/wp\/v2\/posts\/2794\/revisions"}],"predecessor-version":[{"id":2797,"href":"https:\/\/lasilusiones.com.ar\/blog\/wp-json\/wp\/v2\/posts\/2794\/revisions\/2797"}],"wp:attachment":[{"href":"https:\/\/lasilusiones.com.ar\/blog\/wp-json\/wp\/v2\/media?parent=2794"}],"wp:term":[{"taxonomy":"category","embeddable":true,"href":"https:\/\/lasilusiones.com.ar\/blog\/wp-json\/wp\/v2\/categories?post=2794"},{"taxonomy":"post_tag","embeddable":true,"href":"https:\/\/lasilusiones.com.ar\/blog\/wp-json\/wp\/v2\/tags?post=2794"}],"curies":[{"name":"wp","href":"https:\/\/api.w.org\/{rel}","templated":true}]}}