{"id":2839,"date":"2025-07-10T11:09:07","date_gmt":"2025-07-10T14:09:07","guid":{"rendered":"https:\/\/lasilusiones.com.ar\/blog\/?p=2839"},"modified":"2025-07-10T14:55:32","modified_gmt":"2025-07-10T17:55:32","slug":"tu-productora-kidsteens","status":"publish","type":"post","link":"https:\/\/lasilusiones.com.ar\/blog\/tu-productora-kidsteens\/","title":{"rendered":"Tu Productora kids&amp;teens"},"content":{"rendered":"\n<p><\/p>\n\n\n\n<hr class=\"wp-block-separator has-alpha-channel-opacity\"\/>\n\n\n\n<p>Por primera vez, <strong>\u201cTu Productora\u201d abri\u00f3 su convocatoria a infancias y adolescencias<\/strong>, en una edici\u00f3n que marc\u00f3 un antes y un despu\u00e9s dentro del programa. Luego de varios ciclos destinados a artistas mayores de 18 a\u00f1os, el equipo asumi\u00f3 un nuevo desaf\u00edo: adaptar los contenidos para que las y los m\u00e1s chicos tambi\u00e9n puedan vivir una experiencia profesional en el mundo de la actuaci\u00f3n frente a c\u00e1mara.<\/p>\n\n\n\n<p>La propuesta surgi\u00f3 a partir del inter\u00e9s de <strong>Disney<\/strong>, que sigue apoy\u00e1ndonos, por conocer y acompa\u00f1ar a los artistas m\u00e1s j\u00f3venes que forman parte de nuestras comunidades. As\u00ed fue como se puso en marcha una edici\u00f3n completamente renovada, <strong>con eje en el juego, la acci\u00f3n y el disfrute<\/strong>.<\/p>\n\n\n\n<p><strong>Sabrina Di Costanzo, <\/strong>referente de varios elencos de CABA y Lan\u00fas, fue quien coordin\u00f3 nuevamente el proyecto, nos comparte c\u00f3mo fue el recorrido:<\/p>\n\n\n\n<blockquote class=\"wp-block-quote is-layout-flow wp-block-quote-is-layout-flow\">\n<p>\u201c<em>Esta edici\u00f3n fue la primera para infancias y adolescencias y fue todo un desaf\u00edo. La apuesta por este rango etario surge por propuesta de <strong>Disney, que se interes\u00f3 mucho por nuestros artistas m\u00e1s peques <\/strong>y por la gesti\u00f3n de experiencias divertidas y novedosas para ese grupo, as\u00ed que nos pusimos manos a la obra.<\/em><\/p>\n\n\n\n<p><em>Como equipo pedag\u00f3gico, deb\u00edamos hacer llegar los mismos contenidos del programa de una manera distinta, sin tanto apoyo en materiales de lectura o refuerzos verbales. Lo hicimos <strong>atravesando los ejes principales de la actuaci\u00f3n frente a c\u00e1mara desde la acci\u00f3n y el juego<\/strong>. Aprendimos haciendo y desde la alegr\u00eda, lo que permite que esta experiencia perdure de otra manera en estas infancias y adolescencias que confiaron en lo que ten\u00edamos para compartirles.<\/em><\/p>\n\n\n\n<p><em>Cada actividad ten\u00eda un anclaje claro en los contenidos, y el equipo completo \u2013especializado en infancias y adolescencias\u2013 supo acompa\u00f1ar perfectamente los objetivos de esta edici\u00f3n. Al comienzo fue desafiante, especialmente en la difusi\u00f3n: hubo que explicar bien a las familias de qu\u00e9 se trataba y c\u00f3mo se adaptar\u00eda una propuesta ya conocida a nuevas edades y necesidades<\/em>&#8220;.<\/p>\n\n\n\n<p>El programa incluy\u00f3 8 encuentros con contenidos, pr\u00e1cticas y compromisos concretos.<\/p>\n\n\n\n<p><em>&#8220;Todo el esfuerzo vali\u00f3 la pena cuando vimos las caras de felicidad de los 10 artistas que participaron. Aprendieron aspectos clave de la actuaci\u00f3n frente a c\u00e1mara de una manera l\u00fadica, divertida y muy enriquecedora&#8221;.<\/em><\/p>\n\n\n\n<p>Adem\u00e1s, <strong>vivieron experiencias similares a una oportunidad profesional real<\/strong>: cumplir con citaciones en tiempo y forma, esperar en locaciones, disfrutar de un catering, seguir las indicaciones del equipo de direcci\u00f3n, preparar vestuarios seg\u00fan lo solicitado.<\/p>\n\n\n\n<p>&#8220;<em>Siento mucho orgullo y gratitud por poder acompa\u00f1ar este camino. Esta edici\u00f3n marca un precedente y nuestra idea es seguir expandi\u00e9ndonos, para que m\u00e1s artistas puedan vivir esta experiencia \u00fanica<\/em>&#8220;, cerr\u00f3 Sabrina.<\/p>\n<\/blockquote>\n\n\n\n<hr class=\"wp-block-separator has-alpha-channel-opacity\"\/>\n\n\n\n<figure class=\"wp-block-gallery has-nested-images columns-default is-cropped wp-block-gallery-1 is-layout-flex wp-block-gallery-is-layout-flex\">\n<figure class=\"wp-block-image size-large\"><img loading=\"lazy\" decoding=\"async\" width=\"682\" height=\"1024\" data-id=\"2848\" src=\"https:\/\/lasilusiones.com.ar\/blog\/wp-content\/uploads\/2025\/07\/IMG-20250710-WA0008-682x1024.jpg\" alt=\"\" class=\"wp-image-2848\" srcset=\"https:\/\/lasilusiones.com.ar\/blog\/wp-content\/uploads\/2025\/07\/IMG-20250710-WA0008-682x1024.jpg 682w, https:\/\/lasilusiones.com.ar\/blog\/wp-content\/uploads\/2025\/07\/IMG-20250710-WA0008-200x300.jpg 200w, https:\/\/lasilusiones.com.ar\/blog\/wp-content\/uploads\/2025\/07\/IMG-20250710-WA0008-768x1153.jpg 768w, https:\/\/lasilusiones.com.ar\/blog\/wp-content\/uploads\/2025\/07\/IMG-20250710-WA0008-1023x1536.jpg 1023w, https:\/\/lasilusiones.com.ar\/blog\/wp-content\/uploads\/2025\/07\/IMG-20250710-WA0008.jpg 1066w\" sizes=\"auto, (max-width: 682px) 100vw, 682px\" \/><\/figure>\n\n\n\n<figure class=\"wp-block-image size-large\"><img loading=\"lazy\" decoding=\"async\" width=\"682\" height=\"1024\" data-id=\"2846\" src=\"https:\/\/lasilusiones.com.ar\/blog\/wp-content\/uploads\/2025\/07\/IMG-20250710-WA0007-682x1024.jpg\" alt=\"\" class=\"wp-image-2846\" srcset=\"https:\/\/lasilusiones.com.ar\/blog\/wp-content\/uploads\/2025\/07\/IMG-20250710-WA0007-682x1024.jpg 682w, https:\/\/lasilusiones.com.ar\/blog\/wp-content\/uploads\/2025\/07\/IMG-20250710-WA0007-200x300.jpg 200w, https:\/\/lasilusiones.com.ar\/blog\/wp-content\/uploads\/2025\/07\/IMG-20250710-WA0007-768x1153.jpg 768w, https:\/\/lasilusiones.com.ar\/blog\/wp-content\/uploads\/2025\/07\/IMG-20250710-WA0007-1023x1536.jpg 1023w, https:\/\/lasilusiones.com.ar\/blog\/wp-content\/uploads\/2025\/07\/IMG-20250710-WA0007.jpg 1066w\" sizes=\"auto, (max-width: 682px) 100vw, 682px\" \/><\/figure>\n<\/figure>\n\n\n\n<figure class=\"wp-block-image size-large\"><img loading=\"lazy\" decoding=\"async\" width=\"1024\" height=\"682\" src=\"https:\/\/lasilusiones.com.ar\/blog\/wp-content\/uploads\/2025\/07\/IMG-20250710-WA0006-1024x682.jpg\" alt=\"\" class=\"wp-image-2849\" srcset=\"https:\/\/lasilusiones.com.ar\/blog\/wp-content\/uploads\/2025\/07\/IMG-20250710-WA0006-1024x682.jpg 1024w, https:\/\/lasilusiones.com.ar\/blog\/wp-content\/uploads\/2025\/07\/IMG-20250710-WA0006-300x200.jpg 300w, https:\/\/lasilusiones.com.ar\/blog\/wp-content\/uploads\/2025\/07\/IMG-20250710-WA0006-768x512.jpg 768w, https:\/\/lasilusiones.com.ar\/blog\/wp-content\/uploads\/2025\/07\/IMG-20250710-WA0006-1536x1023.jpg 1536w, https:\/\/lasilusiones.com.ar\/blog\/wp-content\/uploads\/2025\/07\/IMG-20250710-WA0006.jpg 1600w\" sizes=\"auto, (max-width: 1024px) 100vw, 1024px\" \/><\/figure>\n\n\n\n<figure class=\"wp-block-image size-large\"><img loading=\"lazy\" decoding=\"async\" width=\"1024\" height=\"682\" src=\"https:\/\/lasilusiones.com.ar\/blog\/wp-content\/uploads\/2025\/07\/IMG-20250710-WA0005-1-1024x682.jpg\" alt=\"\" class=\"wp-image-2850\" srcset=\"https:\/\/lasilusiones.com.ar\/blog\/wp-content\/uploads\/2025\/07\/IMG-20250710-WA0005-1-1024x682.jpg 1024w, https:\/\/lasilusiones.com.ar\/blog\/wp-content\/uploads\/2025\/07\/IMG-20250710-WA0005-1-300x200.jpg 300w, https:\/\/lasilusiones.com.ar\/blog\/wp-content\/uploads\/2025\/07\/IMG-20250710-WA0005-1-768x512.jpg 768w, https:\/\/lasilusiones.com.ar\/blog\/wp-content\/uploads\/2025\/07\/IMG-20250710-WA0005-1-1536x1023.jpg 1536w, https:\/\/lasilusiones.com.ar\/blog\/wp-content\/uploads\/2025\/07\/IMG-20250710-WA0005-1.jpg 1600w\" sizes=\"auto, (max-width: 1024px) 100vw, 1024px\" \/><\/figure>\n\n\n\n<figure class=\"wp-block-image size-large\"><img loading=\"lazy\" decoding=\"async\" width=\"1024\" height=\"682\" src=\"https:\/\/lasilusiones.com.ar\/blog\/wp-content\/uploads\/2025\/07\/IMG-20250710-WA0018-1024x682.jpg\" alt=\"\" class=\"wp-image-2861\" srcset=\"https:\/\/lasilusiones.com.ar\/blog\/wp-content\/uploads\/2025\/07\/IMG-20250710-WA0018-1024x682.jpg 1024w, https:\/\/lasilusiones.com.ar\/blog\/wp-content\/uploads\/2025\/07\/IMG-20250710-WA0018-300x200.jpg 300w, https:\/\/lasilusiones.com.ar\/blog\/wp-content\/uploads\/2025\/07\/IMG-20250710-WA0018-768x512.jpg 768w, https:\/\/lasilusiones.com.ar\/blog\/wp-content\/uploads\/2025\/07\/IMG-20250710-WA0018-1536x1023.jpg 1536w, https:\/\/lasilusiones.com.ar\/blog\/wp-content\/uploads\/2025\/07\/IMG-20250710-WA0018.jpg 1600w\" sizes=\"auto, (max-width: 1024px) 100vw, 1024px\" \/><\/figure>\n\n\n\n<p>Nina \u00c1vila, nuestra vice tambi\u00e9n nos dej\u00f3 su sobre lo vivido: &#8220;<em>Esta edici\u00f3n de Tu Productora fue un desaf\u00edo hermoso, donde no solo tuvimos que adaptar los contenidos a infancias y adolescentes, sino que cada jornada de grabaci\u00f3n fue poner en pr\u00e1ctica toda la creatividad y la disponibilidad del cuerpo para jugar y entre todos lograr que las escenas sucedan. Sin dudas, la <\/em><strong><em>evoluci\u00f3n de los artistas fue notable en el transcurrir de la <\/em>ca<em>pacitaci\u00f3n y verlos divertirse frente a la c\u00e1mara, en lo personal, me llen\u00f3 de alegr\u00eda.<\/em><\/strong><\/p>\n\n\n\n<p>Esta experiencia reafirma nuestro compromiso con la formaci\u00f3n art\u00edstica integral y accesible para todas las edades. En <strong>Tu Productora<\/strong>, seguimos apostando a m\u00e1s inclusi\u00f3n, m\u00e1s oportunidades y m\u00e1s espacios donde las y los artistas puedan ser protagonistas.<br><\/p>\n\n\n\n<p><\/p>\n","protected":false},"excerpt":{"rendered":"<p>Por primera vez, \u201cTu Productora\u201d abri\u00f3 su convocatoria a infancias y adolescencias, en una edici\u00f3n que marc\u00f3 un antes y un despu\u00e9s dentro del programa.&hellip;<\/p>\n","protected":false},"author":2,"featured_media":0,"comment_status":"open","ping_status":"open","sticky":false,"template":"","format":"standard","meta":{"_monsterinsights_skip_tracking":false,"_monsterinsights_sitenote_active":false,"_monsterinsights_sitenote_note":"","_monsterinsights_sitenote_category":0,"footnotes":""},"categories":[4],"tags":[],"class_list":["post-2839","post","type-post","status-publish","format-standard","hentry","category-articulo"],"_links":{"self":[{"href":"https:\/\/lasilusiones.com.ar\/blog\/wp-json\/wp\/v2\/posts\/2839","targetHints":{"allow":["GET"]}}],"collection":[{"href":"https:\/\/lasilusiones.com.ar\/blog\/wp-json\/wp\/v2\/posts"}],"about":[{"href":"https:\/\/lasilusiones.com.ar\/blog\/wp-json\/wp\/v2\/types\/post"}],"author":[{"embeddable":true,"href":"https:\/\/lasilusiones.com.ar\/blog\/wp-json\/wp\/v2\/users\/2"}],"replies":[{"embeddable":true,"href":"https:\/\/lasilusiones.com.ar\/blog\/wp-json\/wp\/v2\/comments?post=2839"}],"version-history":[{"count":9,"href":"https:\/\/lasilusiones.com.ar\/blog\/wp-json\/wp\/v2\/posts\/2839\/revisions"}],"predecessor-version":[{"id":2862,"href":"https:\/\/lasilusiones.com.ar\/blog\/wp-json\/wp\/v2\/posts\/2839\/revisions\/2862"}],"wp:attachment":[{"href":"https:\/\/lasilusiones.com.ar\/blog\/wp-json\/wp\/v2\/media?parent=2839"}],"wp:term":[{"taxonomy":"category","embeddable":true,"href":"https:\/\/lasilusiones.com.ar\/blog\/wp-json\/wp\/v2\/categories?post=2839"},{"taxonomy":"post_tag","embeddable":true,"href":"https:\/\/lasilusiones.com.ar\/blog\/wp-json\/wp\/v2\/tags?post=2839"}],"curies":[{"name":"wp","href":"https:\/\/api.w.org\/{rel}","templated":true}]}}