{"id":2864,"date":"2025-07-17T07:15:44","date_gmt":"2025-07-17T10:15:44","guid":{"rendered":"https:\/\/lasilusiones.com.ar\/blog\/?p=2864"},"modified":"2025-07-17T12:04:50","modified_gmt":"2025-07-17T15:04:50","slug":"hoy-se-estrena-division-palermo-y-somos-parte","status":"publish","type":"post","link":"https:\/\/lasilusiones.com.ar\/blog\/hoy-se-estrena-division-palermo-y-somos-parte\/","title":{"rendered":"Hoy se estrena Divisi\u00f3n Palermo \u00a1y somos parte!"},"content":{"rendered":"\n<p><\/p>\n\n\n\n<p>Como muchos ya deben saber, estamos felices de contarles que <strong>Santiago Demarco, actor de nuestra comunidad, hoy estar\u00e1 en la pantalla de Netflix.<\/strong> Les contamos c\u00f3mo llegamos hasta aqu\u00ed.<\/p>\n\n\n\n<hr class=\"wp-block-separator has-alpha-channel-opacity\"\/>\n\n\n\n<div class=\"wp-block-media-text is-stacked-on-mobile\"><figure class=\"wp-block-media-text__media\"><img loading=\"lazy\" decoding=\"async\" width=\"682\" height=\"1024\" src=\"https:\/\/lasilusiones.com.ar\/blog\/wp-content\/uploads\/2025\/07\/WhatsApp-Image-2025-07-17-at-10.46.07-682x1024.jpeg\" alt=\"\" class=\"wp-image-2880 size-full\" srcset=\"https:\/\/lasilusiones.com.ar\/blog\/wp-content\/uploads\/2025\/07\/WhatsApp-Image-2025-07-17-at-10.46.07-682x1024.jpeg 682w, https:\/\/lasilusiones.com.ar\/blog\/wp-content\/uploads\/2025\/07\/WhatsApp-Image-2025-07-17-at-10.46.07-200x300.jpeg 200w, https:\/\/lasilusiones.com.ar\/blog\/wp-content\/uploads\/2025\/07\/WhatsApp-Image-2025-07-17-at-10.46.07-768x1153.jpeg 768w, https:\/\/lasilusiones.com.ar\/blog\/wp-content\/uploads\/2025\/07\/WhatsApp-Image-2025-07-17-at-10.46.07-1023x1536.jpeg 1023w, https:\/\/lasilusiones.com.ar\/blog\/wp-content\/uploads\/2025\/07\/WhatsApp-Image-2025-07-17-at-10.46.07.jpeg 1066w\" sizes=\"auto, (max-width: 682px) 100vw, 682px\" \/><\/figure><div class=\"wp-block-media-text__content\">\n<p>Santi empez\u00f3 en <em>Las Ilusiones<\/em> en 2016, en la sede CABA, hoy forma parte de los elencos de teatro y danza teatro y ha participado en grandes producciones. Como artista multifac\u00e9tico que es, tambi\u00e9n tom\u00f3 clases de canto y fue la voz del grupo <em>Los Bonette<\/em>.<br>En 2023, buscando sumar herramientas a su camino actoral, <strong>se capacit\u00f3 en nuestro programa <em>Tu Productora<\/em>, <\/strong>donde adquiri\u00f3 conocimientos sobre actuaci\u00f3n frente a c\u00e1mara, participaci\u00f3n en castings, y adem\u00e1s obtuvo su book y reel actoral.<\/p>\n<\/div><\/div>\n\n\n\n<blockquote class=\"wp-block-quote is-layout-flow wp-block-quote-is-layout-flow\">\n<p>\u201cGracias a <em>Tu Productora<\/em> estoy donde estoy ahora\u201d<\/p>\n<\/blockquote>\n\n\n\n<p>As\u00ed arranca Santi, contando con emoci\u00f3n el momento que est\u00e1 viviendo: el estreno de la segunda temporada de <em>Divisi\u00f3n Palermo<\/em>, donde interpreta a Pablo, un integrante de la Guardia Urbana.<\/p>\n\n\n\n<p>El contacto surgi\u00f3 a trav\u00e9s de la p\u00e1gina de <em>Tu Productora<\/em>, donde est\u00e1 disponible el material de los artistas que, al igual que Santi, pasaron por la formaci\u00f3n. La producci\u00f3n de la serie pre seleccion\u00f3 a diez perfiles y, tras algunos ensayos, los convocaron a una instancia presencial en las oficinas de la productora, junto a Sabrina Di Costanzo, coordinadora del programa. Cada uno present\u00f3 el texto preparado y Santi pas\u00f3 a la segunda etapa: una prueba de c\u00e1mara.<br>Luego, lleg\u00f3 la noticia m\u00e1s esperada:<\/p>\n\n\n\n<blockquote class=\"wp-block-quote is-layout-flow wp-block-quote-is-layout-flow\">\n<p>\u201cCuando Sabri me avis\u00f3, pegu\u00e9 un grito que me escuch\u00f3 medio Lan\u00fas\u201d, recuerda.<\/p>\n<\/blockquote>\n\n\n\n<p><strong>\u00bfTe acord\u00e1s c\u00f3mo fueron los castings?<\/strong><br>Al primero fui con otros compa\u00f1eros de <em>Las Ilusiones<\/em>. Fui suelto, pensando: <em>\u201cEsta es la m\u00eda\u201d<\/em>. En la segunda prueba me pidieron improvisar distintas emociones: tristeza, enojo, alegr\u00eda. Me hac\u00edan chistes para que cambiara r\u00e1pido de estado. Hasta me hicieron cantar algunos temas\u2026 cant\u00e9 unos de Ricky Martin. Me dijeron que fui el m\u00e1s espont\u00e1neo.<\/p>\n\n\n\n<p><strong>\u00bfC\u00f3mo fue la etapa de filmaci\u00f3n?<\/strong><br>Cuando llegu\u00e9 al set estaba algo nervioso. El estudio era enorme, con todos los espacios que se ven en la serie. Hab\u00eda comida, frutas, s\u00e1ndwiches, motorhomes para maquillaje, vestuario, descanso\u2026 hasta cocineros. \u00a1La comida fue espectacular! Fue un mes y medio de rodaje, iba todos los d\u00edas. A veces me pasaban a buscar a las 6 a.\u202fm.<\/p>\n\n\n\n<p><strong>\u00bfQu\u00e9 fue lo que m\u00e1s te gust\u00f3 de toda esta experiencia?<\/strong><br>Conocer a tantos actores como Minuj\u00edn, Garabal, a Santi Korosvky. Estar en medio de una balacera, que me ense\u00f1aran a pegar de mentira. Estaba en otro mundo. Pensaba mucho en m\u00ed, en estar centrado. Hubo mucha buena onda, nos re\u00edmos con los bloopers\u2026 me pas\u00f3 en varias tomas. Me sent\u00ed uno m\u00e1s.<\/p>\n\n\n\n<figure class=\"wp-block-gallery has-nested-images columns-default is-cropped wp-block-gallery-1 is-layout-flex wp-block-gallery-is-layout-flex\">\n<figure class=\"wp-block-image size-large\"><img loading=\"lazy\" decoding=\"async\" width=\"768\" height=\"1024\" data-id=\"2870\" src=\"https:\/\/lasilusiones.com.ar\/blog\/wp-content\/uploads\/2025\/07\/dp3-768x1024.jpg\" alt=\"\" class=\"wp-image-2870\" srcset=\"https:\/\/lasilusiones.com.ar\/blog\/wp-content\/uploads\/2025\/07\/dp3-768x1024.jpg 768w, https:\/\/lasilusiones.com.ar\/blog\/wp-content\/uploads\/2025\/07\/dp3-225x300.jpg 225w, https:\/\/lasilusiones.com.ar\/blog\/wp-content\/uploads\/2025\/07\/dp3.jpg 960w\" sizes=\"auto, (max-width: 768px) 100vw, 768px\" \/><\/figure>\n\n\n\n<figure class=\"wp-block-image size-large\"><img loading=\"lazy\" decoding=\"async\" width=\"768\" height=\"1024\" data-id=\"2869\" src=\"https:\/\/lasilusiones.com.ar\/blog\/wp-content\/uploads\/2025\/07\/dp2-768x1024.jpg\" alt=\"\" class=\"wp-image-2869\" srcset=\"https:\/\/lasilusiones.com.ar\/blog\/wp-content\/uploads\/2025\/07\/dp2-768x1024.jpg 768w, https:\/\/lasilusiones.com.ar\/blog\/wp-content\/uploads\/2025\/07\/dp2-225x300.jpg 225w, https:\/\/lasilusiones.com.ar\/blog\/wp-content\/uploads\/2025\/07\/dp2.jpg 960w\" sizes=\"auto, (max-width: 768px) 100vw, 768px\" \/><\/figure>\n\n\n\n<figure class=\"wp-block-image size-large\"><img loading=\"lazy\" decoding=\"async\" width=\"768\" height=\"1024\" data-id=\"2868\" src=\"https:\/\/lasilusiones.com.ar\/blog\/wp-content\/uploads\/2025\/07\/dp-768x1024.jpg\" alt=\"\" class=\"wp-image-2868\" srcset=\"https:\/\/lasilusiones.com.ar\/blog\/wp-content\/uploads\/2025\/07\/dp-768x1024.jpg 768w, https:\/\/lasilusiones.com.ar\/blog\/wp-content\/uploads\/2025\/07\/dp-225x300.jpg 225w, https:\/\/lasilusiones.com.ar\/blog\/wp-content\/uploads\/2025\/07\/dp.jpg 960w\" sizes=\"auto, (max-width: 768px) 100vw, 768px\" \/><\/figure>\n<\/figure>\n\n\n\n<p><strong>\u00bfQu\u00e9 te hab\u00eda llamado la atenci\u00f3n de la primera temporada?<\/strong><br>Me encant\u00f3 la serie y me sorprendi\u00f3 que hubiera actores con discapacidad. Ah\u00ed pens\u00e9: <em>\u201cNo estar\u00eda mal trabajar en una serie\u201d<\/em>, pero nunca imagin\u00e9 que iba a participar en una. Pas\u00e9 de ser actor de teatro a estar en la pantalla. El d\u00eda de la avant premiere, todo era emoci\u00f3n, ver mi foto en el vaso de gaseosa, en el paquete de pochoclos&#8230;me agarr\u00f3&nbsp;taquicardia al verme en pantalla grande, todos me preguntaba sin estaba bien. Y ahora\u2026 quiero todo. \u00a1Hasta subirme a un drag\u00f3n de mentira! No paro. <br><\/p>\n\n\n<div class=\"wp-block-image\">\n<figure class=\"aligncenter size-large\"><img loading=\"lazy\" decoding=\"async\" width=\"768\" height=\"1024\" src=\"https:\/\/lasilusiones.com.ar\/blog\/wp-content\/uploads\/2025\/07\/WhatsApp-Image-2025-07-17-at-10.46.07-1-1-768x1024.jpeg\" alt=\"\" class=\"wp-image-2884\" srcset=\"https:\/\/lasilusiones.com.ar\/blog\/wp-content\/uploads\/2025\/07\/WhatsApp-Image-2025-07-17-at-10.46.07-1-1-768x1024.jpeg 768w, https:\/\/lasilusiones.com.ar\/blog\/wp-content\/uploads\/2025\/07\/WhatsApp-Image-2025-07-17-at-10.46.07-1-1-225x300.jpeg 225w, https:\/\/lasilusiones.com.ar\/blog\/wp-content\/uploads\/2025\/07\/WhatsApp-Image-2025-07-17-at-10.46.07-1-1-1152x1536.jpeg 1152w, https:\/\/lasilusiones.com.ar\/blog\/wp-content\/uploads\/2025\/07\/WhatsApp-Image-2025-07-17-at-10.46.07-1-1.jpeg 1200w\" sizes=\"auto, (max-width: 768px) 100vw, 768px\" \/><\/figure>\n<\/div>\n\n\n<figure class=\"wp-block-gallery has-nested-images columns-default is-cropped wp-block-gallery-2 is-layout-flex wp-block-gallery-is-layout-flex\">\n<figure class=\"wp-block-image size-large\"><img loading=\"lazy\" decoding=\"async\" width=\"567\" height=\"423\" data-id=\"2883\" src=\"https:\/\/lasilusiones.com.ar\/blog\/wp-content\/uploads\/2025\/07\/WhatsApp-Image-2025-07-17-at-10.46.06.jpeg\" alt=\"\" class=\"wp-image-2883\" srcset=\"https:\/\/lasilusiones.com.ar\/blog\/wp-content\/uploads\/2025\/07\/WhatsApp-Image-2025-07-17-at-10.46.06.jpeg 567w, https:\/\/lasilusiones.com.ar\/blog\/wp-content\/uploads\/2025\/07\/WhatsApp-Image-2025-07-17-at-10.46.06-300x224.jpeg 300w\" sizes=\"auto, (max-width: 567px) 100vw, 567px\" \/><figcaption class=\"wp-element-caption\">Agradecemos al equipo de Yo Tambi\u00e9n, que nos acompa\u00f1\u00f3 a la avant premiere con sus tomas, registrando la emoci\u00f3n de todos.<\/figcaption><\/figure>\n<\/figure>\n\n\n\n<p class=\"has-text-align-center has-regular-font-size\"><strong>\u00a1Felicidades, Santi! Estamos orgullosos de todo tu recorrido y crecimiento. Y como equipo y comunidad, adem\u00e1s de convencernos d\u00eda a d\u00eda de que el camino es la inclusi\u00f3n, deseamos que cada vez haya m\u00e1s producciones que incluyan a toda la diversidad de talento.<\/strong><\/p>\n","protected":false},"excerpt":{"rendered":"<p>Como muchos ya deben saber, estamos felices de contarles que Santiago Demarco, actor de nuestra comunidad, hoy estar\u00e1 en la pantalla de Netflix. Les contamos&hellip;<\/p>\n","protected":false},"author":2,"featured_media":0,"comment_status":"open","ping_status":"open","sticky":false,"template":"","format":"standard","meta":{"_monsterinsights_skip_tracking":false,"_monsterinsights_sitenote_active":false,"_monsterinsights_sitenote_note":"","_monsterinsights_sitenote_category":0,"footnotes":""},"categories":[4],"tags":[],"class_list":["post-2864","post","type-post","status-publish","format-standard","hentry","category-articulo"],"_links":{"self":[{"href":"https:\/\/lasilusiones.com.ar\/blog\/wp-json\/wp\/v2\/posts\/2864","targetHints":{"allow":["GET"]}}],"collection":[{"href":"https:\/\/lasilusiones.com.ar\/blog\/wp-json\/wp\/v2\/posts"}],"about":[{"href":"https:\/\/lasilusiones.com.ar\/blog\/wp-json\/wp\/v2\/types\/post"}],"author":[{"embeddable":true,"href":"https:\/\/lasilusiones.com.ar\/blog\/wp-json\/wp\/v2\/users\/2"}],"replies":[{"embeddable":true,"href":"https:\/\/lasilusiones.com.ar\/blog\/wp-json\/wp\/v2\/comments?post=2864"}],"version-history":[{"count":9,"href":"https:\/\/lasilusiones.com.ar\/blog\/wp-json\/wp\/v2\/posts\/2864\/revisions"}],"predecessor-version":[{"id":2885,"href":"https:\/\/lasilusiones.com.ar\/blog\/wp-json\/wp\/v2\/posts\/2864\/revisions\/2885"}],"wp:attachment":[{"href":"https:\/\/lasilusiones.com.ar\/blog\/wp-json\/wp\/v2\/media?parent=2864"}],"wp:term":[{"taxonomy":"category","embeddable":true,"href":"https:\/\/lasilusiones.com.ar\/blog\/wp-json\/wp\/v2\/categories?post=2864"},{"taxonomy":"post_tag","embeddable":true,"href":"https:\/\/lasilusiones.com.ar\/blog\/wp-json\/wp\/v2\/tags?post=2864"}],"curies":[{"name":"wp","href":"https:\/\/api.w.org\/{rel}","templated":true}]}}