{"id":2893,"date":"2025-08-12T00:54:20","date_gmt":"2025-08-12T03:54:20","guid":{"rendered":"https:\/\/lasilusiones.com.ar\/blog\/?p=2893"},"modified":"2025-08-12T09:34:59","modified_gmt":"2025-08-12T12:34:59","slug":"vacaciones-de-invierno-a-puro-teatro-en-las-ilusiones","status":"publish","type":"post","link":"https:\/\/lasilusiones.com.ar\/blog\/vacaciones-de-invierno-a-puro-teatro-en-las-ilusiones\/","title":{"rendered":"Vacaciones de invierno a puro teatro en Las Ilusiones"},"content":{"rendered":"\n<p><\/p>\n\n\n\n<p>Este invierno, cuatro elencos de <em>Las Ilusiones, <\/em>colmaron<em> <\/em>los escenarios de historias, reencuentros y emoci\u00f3n, llevando sus obras a nuevos p\u00fablicos, en funciones que significaron mucho m\u00e1s que teatro: fueron la confirmaci\u00f3n de un compromiso colectivo, la alegr\u00eda de volver a compartir y la magia de ver c\u00f3mo cada funci\u00f3n se convierte en \u00fanica.<\/p>\n\n\n\n<p><em>\u201cLa verdad es que el elenco tuvo poco ensayo, nos encontramos solo dos veces\u2026 y la funci\u00f3n sali\u00f3 hermosa\u201d<\/em> cuenta Anto, coordinadora de la sede Ramos, sobre <em>H\u00e9rcules,<\/em> que se present\u00f3 en el Teatro Swing. Con un p\u00fablico de casi 70 personas, sin ensayo general ni reconocimiento previo del espacio, los y las artistas desplegaron concentraci\u00f3n y alegr\u00eda. <em>\u201cDestaco el compromiso de artistas y familias, y en especial de Ramiro, artista que, con unas l\u00edneas de fiebre, vino igual\u2026 y la rompi\u00f3\u201d. <\/em>La ovaci\u00f3n del p\u00fablico y las familias emocionadas fueron el mejor cierre, para esta gran experiencia de teatro musical.&nbsp;<\/p>\n\n\n\n<figure class=\"wp-block-gallery has-nested-images columns-default is-cropped wp-block-gallery-1 is-layout-flex wp-block-gallery-is-layout-flex\">\n<figure class=\"wp-block-image size-large\"><img loading=\"lazy\" decoding=\"async\" width=\"1024\" height=\"577\" data-id=\"2897\" src=\"https:\/\/lasilusiones.com.ar\/blog\/wp-content\/uploads\/2025\/08\/herc1-1024x577.jpg\" alt=\"\" class=\"wp-image-2897\" srcset=\"https:\/\/lasilusiones.com.ar\/blog\/wp-content\/uploads\/2025\/08\/herc1-1024x577.jpg 1024w, https:\/\/lasilusiones.com.ar\/blog\/wp-content\/uploads\/2025\/08\/herc1-300x169.jpg 300w, https:\/\/lasilusiones.com.ar\/blog\/wp-content\/uploads\/2025\/08\/herc1-768x432.jpg 768w, https:\/\/lasilusiones.com.ar\/blog\/wp-content\/uploads\/2025\/08\/herc1-1536x865.jpg 1536w, https:\/\/lasilusiones.com.ar\/blog\/wp-content\/uploads\/2025\/08\/herc1-2048x1153.jpg 2048w\" sizes=\"auto, (max-width: 1024px) 100vw, 1024px\" \/><\/figure>\n<\/figure>\n\n\n\n<figure class=\"wp-block-image size-large\"><img loading=\"lazy\" decoding=\"async\" width=\"768\" height=\"1024\" src=\"https:\/\/lasilusiones.com.ar\/blog\/wp-content\/uploads\/2025\/08\/herc2-1-768x1024.jpg\" alt=\"\" class=\"wp-image-2899\" srcset=\"https:\/\/lasilusiones.com.ar\/blog\/wp-content\/uploads\/2025\/08\/herc2-1-768x1024.jpg 768w, https:\/\/lasilusiones.com.ar\/blog\/wp-content\/uploads\/2025\/08\/herc2-1-225x300.jpg 225w, https:\/\/lasilusiones.com.ar\/blog\/wp-content\/uploads\/2025\/08\/herc2-1-1152x1536.jpg 1152w, https:\/\/lasilusiones.com.ar\/blog\/wp-content\/uploads\/2025\/08\/herc2-1-1536x2048.jpg 1536w, https:\/\/lasilusiones.com.ar\/blog\/wp-content\/uploads\/2025\/08\/herc2-1-scaled.jpg 1920w\" sizes=\"auto, (max-width: 768px) 100vw, 768px\" \/><\/figure>\n\n\n\n<p>En Olivos, <em>Un enemigo en el pueblo<\/em>, volvi\u00f3 a escena con un alto nivel de profesionalismo. <em>\u201cEl elenco ensay\u00f3 mucho y el d\u00eda anterior a la funci\u00f3n tuvimos tres horas de ensayo, despu\u00e9s de una jornada largu\u00edsima de clases\u201d<\/em>, recuerda Sabri, coordinadora de San Isidro, remarcando el alto grado de responsabilidad de los y las artistas, dado que ya se encuentran montando la obra de fin de a\u00f1o. La obra, dram\u00e1tica y atravesada por escenas perform\u00e1ticas que abr\u00edan cada acto, fue recibida con elogios: fluidez, disfrute, nuevos matices y profundidad a los personajes construidos el a\u00f1o pasado. Del elenco original, tres actores no pudieron participar, as\u00ed que tanto Sabri, como Valentina, referente de danza y teatro musical en San Isidro, salieron <em>al toro <\/em>a cubrir tres personajes.<\/p>\n\n\n\n<figure class=\"wp-block-gallery has-nested-images columns-default is-cropped wp-block-gallery-2 is-layout-flex wp-block-gallery-is-layout-flex\">\n<figure class=\"wp-block-image size-large\"><img loading=\"lazy\" decoding=\"async\" width=\"768\" height=\"1024\" data-id=\"2894\" src=\"https:\/\/lasilusiones.com.ar\/blog\/wp-content\/uploads\/2025\/08\/oli1-768x1024.jpg\" alt=\"\" class=\"wp-image-2894\" srcset=\"https:\/\/lasilusiones.com.ar\/blog\/wp-content\/uploads\/2025\/08\/oli1-768x1024.jpg 768w, https:\/\/lasilusiones.com.ar\/blog\/wp-content\/uploads\/2025\/08\/oli1-225x300.jpg 225w, https:\/\/lasilusiones.com.ar\/blog\/wp-content\/uploads\/2025\/08\/oli1-1152x1536.jpg 1152w, https:\/\/lasilusiones.com.ar\/blog\/wp-content\/uploads\/2025\/08\/oli1.jpg 1200w\" sizes=\"auto, (max-width: 768px) 100vw, 768px\" \/><\/figure>\n\n\n\n<figure class=\"wp-block-image size-large\"><img loading=\"lazy\" decoding=\"async\" width=\"781\" height=\"1024\" data-id=\"2895\" src=\"https:\/\/lasilusiones.com.ar\/blog\/wp-content\/uploads\/2025\/08\/oli3-781x1024.jpg\" alt=\"\" class=\"wp-image-2895\" srcset=\"https:\/\/lasilusiones.com.ar\/blog\/wp-content\/uploads\/2025\/08\/oli3-781x1024.jpg 781w, https:\/\/lasilusiones.com.ar\/blog\/wp-content\/uploads\/2025\/08\/oli3-229x300.jpg 229w, https:\/\/lasilusiones.com.ar\/blog\/wp-content\/uploads\/2025\/08\/oli3-768x1007.jpg 768w, https:\/\/lasilusiones.com.ar\/blog\/wp-content\/uploads\/2025\/08\/oli3.jpg 828w\" sizes=\"auto, (max-width: 781px) 100vw, 781px\" \/><\/figure>\n<\/figure>\n\n\n\n<p>Desde CABA, Lu Ferrari revivi\u00f3 <em>Encanto<\/em>: <em>\u201cFue hermoso reponer con tanta espontaneidad el trabajo de todo un a\u00f1o. A veces las producciones quedan congeladas, y volver a traerlas es muy lindo. Los y las artistas se acordaban toda la obra y hab\u00edan estudiado, lo cual fue muy gratificante y fluido para todos. Las reposiciones posibilita entrenar en el oficio y en el profesionalismo, \u00a1y eso me encanta!\u201d. <\/em>Lo que parec\u00eda un desaf\u00edo de convocatoria \u2013solo 7 entradas vendidas a mitad de semana\u2013 se transform\u00f3 en una sala con 59 espectadores:<em>\u201dEso habla del sentido de pertenencia, y el compa\u00f1erismo de esta gran comunidad\u201d, <\/em>cierra Lu, coordinadora de CABA. <\/p>\n\n\n\n<figure class=\"wp-block-gallery has-nested-images columns-default is-cropped wp-block-gallery-3 is-layout-flex wp-block-gallery-is-layout-flex\">\n<figure class=\"wp-block-image size-large\"><img loading=\"lazy\" decoding=\"async\" width=\"768\" height=\"1024\" data-id=\"2902\" src=\"https:\/\/lasilusiones.com.ar\/blog\/wp-content\/uploads\/2025\/08\/enc-2-768x1024.jpg\" alt=\"\" class=\"wp-image-2902\" srcset=\"https:\/\/lasilusiones.com.ar\/blog\/wp-content\/uploads\/2025\/08\/enc-2-768x1024.jpg 768w, https:\/\/lasilusiones.com.ar\/blog\/wp-content\/uploads\/2025\/08\/enc-2-225x300.jpg 225w, https:\/\/lasilusiones.com.ar\/blog\/wp-content\/uploads\/2025\/08\/enc-2.jpg 960w\" sizes=\"auto, (max-width: 768px) 100vw, 768px\" \/><\/figure>\n\n\n\n<figure class=\"wp-block-image size-large\"><img loading=\"lazy\" decoding=\"async\" width=\"768\" height=\"1024\" data-id=\"2903\" src=\"https:\/\/lasilusiones.com.ar\/blog\/wp-content\/uploads\/2025\/08\/enc-768x1024.jpg\" alt=\"\" class=\"wp-image-2903\" srcset=\"https:\/\/lasilusiones.com.ar\/blog\/wp-content\/uploads\/2025\/08\/enc-768x1024.jpg 768w, https:\/\/lasilusiones.com.ar\/blog\/wp-content\/uploads\/2025\/08\/enc-225x300.jpg 225w, https:\/\/lasilusiones.com.ar\/blog\/wp-content\/uploads\/2025\/08\/enc.jpg 960w\" sizes=\"auto, (max-width: 768px) 100vw, 768px\" \/><\/figure>\n<\/figure>\n\n\n\n<p>Y tambi\u00e9n estuvimos por zona sur, en Banfield, en el Teatro Refugio, donde el elenco de la sede Lan\u00fas llev\u00f3 inclusi\u00f3n y diversidad, no solo a las familias de los y las artistas, si no a un p\u00fablico nuevo. <em>\u201cHansel y Gretel se present\u00f3 frente a 93 espectadores, incluyendo infancias y adultos, de un p\u00fablico que no conoc\u00edamos. Poder sostener 40 minutos de obra con un p\u00fablico expectante de lo que iba sucediendo, fue muy significativo\u201d, <\/em>reflexiona Nina, nuestra vice.&nbsp;<\/p>\n\n\n\n<figure class=\"wp-block-gallery has-nested-images columns-default is-cropped wp-block-gallery-4 is-layout-flex wp-block-gallery-is-layout-flex\">\n<figure class=\"wp-block-image size-large\"><img loading=\"lazy\" decoding=\"async\" width=\"1024\" height=\"768\" data-id=\"2904\" src=\"https:\/\/lasilusiones.com.ar\/blog\/wp-content\/uploads\/2025\/08\/HG-1024x768.jpg\" alt=\"\" class=\"wp-image-2904\" srcset=\"https:\/\/lasilusiones.com.ar\/blog\/wp-content\/uploads\/2025\/08\/HG-1024x768.jpg 1024w, https:\/\/lasilusiones.com.ar\/blog\/wp-content\/uploads\/2025\/08\/HG-300x225.jpg 300w, https:\/\/lasilusiones.com.ar\/blog\/wp-content\/uploads\/2025\/08\/HG-768x576.jpg 768w, https:\/\/lasilusiones.com.ar\/blog\/wp-content\/uploads\/2025\/08\/HG.jpg 1280w\" sizes=\"auto, (max-width: 1024px) 100vw, 1024px\" \/><\/figure>\n\n\n\n<figure class=\"wp-block-image size-large\"><img loading=\"lazy\" decoding=\"async\" width=\"1024\" height=\"768\" data-id=\"2905\" src=\"https:\/\/lasilusiones.com.ar\/blog\/wp-content\/uploads\/2025\/08\/HG2-1024x768.jpg\" alt=\"\" class=\"wp-image-2905\" srcset=\"https:\/\/lasilusiones.com.ar\/blog\/wp-content\/uploads\/2025\/08\/HG2-1024x768.jpg 1024w, https:\/\/lasilusiones.com.ar\/blog\/wp-content\/uploads\/2025\/08\/HG2-300x225.jpg 300w, https:\/\/lasilusiones.com.ar\/blog\/wp-content\/uploads\/2025\/08\/HG2-768x576.jpg 768w, https:\/\/lasilusiones.com.ar\/blog\/wp-content\/uploads\/2025\/08\/HG2.jpg 1280w\" sizes=\"auto, (max-width: 1024px) 100vw, 1024px\" \/><\/figure>\n<\/figure>\n\n\n\n<p><\/p>\n\n\n\n<p><strong>La idea de la programaci\u00f3n de vacaciones de invierno busca acercarle a las infancias propuestas alternativas donde, a partir del arte, puedan vivir y visualizar la inclusi\u00f3n y la diversidad desde otros lugares.<\/strong> Este invierno, cada elenco volvi\u00f3 a demostrar que en <em>Las Ilusiones<\/em> el arte es m\u00e1s que una funci\u00f3n: es un lugar de encuentro, crecimiento y comunidad; y que <strong>hacemos un teatro que, no solo entretiene, sino que invita a mirar el mundo con otros ojos. <\/strong>Y que, como en toda buena historia, cada vez que se sube el tel\u00f3n, algo nuevo y \u00fanico sucede.<\/p>\n\n\n\n<p><\/p>\n","protected":false},"excerpt":{"rendered":"<p>Este invierno, cuatro elencos de Las Ilusiones, colmaron los escenarios de historias, reencuentros y emoci\u00f3n, llevando sus obras a nuevos p\u00fablicos, en funciones que significaron&hellip;<\/p>\n","protected":false},"author":2,"featured_media":0,"comment_status":"open","ping_status":"open","sticky":false,"template":"","format":"standard","meta":{"_monsterinsights_skip_tracking":false,"_monsterinsights_sitenote_active":false,"_monsterinsights_sitenote_note":"","_monsterinsights_sitenote_category":0,"footnotes":""},"categories":[4],"tags":[],"class_list":["post-2893","post","type-post","status-publish","format-standard","hentry","category-articulo"],"_links":{"self":[{"href":"https:\/\/lasilusiones.com.ar\/blog\/wp-json\/wp\/v2\/posts\/2893","targetHints":{"allow":["GET"]}}],"collection":[{"href":"https:\/\/lasilusiones.com.ar\/blog\/wp-json\/wp\/v2\/posts"}],"about":[{"href":"https:\/\/lasilusiones.com.ar\/blog\/wp-json\/wp\/v2\/types\/post"}],"author":[{"embeddable":true,"href":"https:\/\/lasilusiones.com.ar\/blog\/wp-json\/wp\/v2\/users\/2"}],"replies":[{"embeddable":true,"href":"https:\/\/lasilusiones.com.ar\/blog\/wp-json\/wp\/v2\/comments?post=2893"}],"version-history":[{"count":7,"href":"https:\/\/lasilusiones.com.ar\/blog\/wp-json\/wp\/v2\/posts\/2893\/revisions"}],"predecessor-version":[{"id":2914,"href":"https:\/\/lasilusiones.com.ar\/blog\/wp-json\/wp\/v2\/posts\/2893\/revisions\/2914"}],"wp:attachment":[{"href":"https:\/\/lasilusiones.com.ar\/blog\/wp-json\/wp\/v2\/media?parent=2893"}],"wp:term":[{"taxonomy":"category","embeddable":true,"href":"https:\/\/lasilusiones.com.ar\/blog\/wp-json\/wp\/v2\/categories?post=2893"},{"taxonomy":"post_tag","embeddable":true,"href":"https:\/\/lasilusiones.com.ar\/blog\/wp-json\/wp\/v2\/tags?post=2893"}],"curies":[{"name":"wp","href":"https:\/\/api.w.org\/{rel}","templated":true}]}}