{"id":291,"date":"2019-08-13T17:52:04","date_gmt":"2019-08-13T20:52:04","guid":{"rendered":"https:\/\/lasilusiones.com.ar\/blog\/?p=291"},"modified":"2019-08-13T17:52:04","modified_gmt":"2019-08-13T20:52:04","slug":"las-ilusiones-fue-noticia-en-tn-programa-meta-data","status":"publish","type":"post","link":"https:\/\/lasilusiones.com.ar\/blog\/las-ilusiones-fue-noticia-en-tn-programa-meta-data\/","title":{"rendered":"Las Ilusiones fue noticia en TN &#8211; Programa Meta Data"},"content":{"rendered":"<p>La Vicedirectora de la Compa\u00f1\u00eda, Cinthia \u00c1vila, fue entrevistada por la periodista de espect\u00e1culos Alejandra Pe\u00f1alva para su programa de TN &#8220;Meta Data&#8221;. Junto a Cinthia fueron entrevistados el actor Leandro Padr\u00f3s y la actriz integrada lucia Ferrari.<\/p>\n<p>&nbsp;<\/p>\n<p><img loading=\"lazy\" decoding=\"async\" class=\"size-medium wp-image-293 aligncenter\" src=\"https:\/\/lasilusiones.com.ar\/blog\/wp-content\/uploads\/2019\/10\/TN-Meta-data-agosto-300x225.jpeg\" alt=\"\" width=\"300\" height=\"225\" \/><\/p>\n<p>&nbsp;<\/p>\n<p><img loading=\"lazy\" decoding=\"async\" class=\"size-medium wp-image-292 aligncenter\" src=\"https:\/\/lasilusiones.com.ar\/blog\/wp-content\/uploads\/2019\/10\/TN-Meta-data-agosto-300x293.jpg\" alt=\"\" width=\"300\" height=\"293\" \/><\/p>\n","protected":false},"excerpt":{"rendered":"<p>La Vicedirectora de la Compa\u00f1\u00eda, Cinthia \u00c1vila, fue entrevistada por la periodista de espect\u00e1culos Alejandra Pe\u00f1alva para su programa de TN &#8220;Meta Data&#8221;. Junto a&hellip;<\/p>\n","protected":false},"author":1,"featured_media":292,"comment_status":"open","ping_status":"open","sticky":false,"template":"","format":"standard","meta":{"_monsterinsights_skip_tracking":false,"_monsterinsights_sitenote_active":false,"_monsterinsights_sitenote_note":"","_monsterinsights_sitenote_category":0,"footnotes":""},"categories":[8],"tags":[],"class_list":["post-291","post","type-post","status-publish","format-standard","has-post-thumbnail","hentry","category-prensa"],"_links":{"self":[{"href":"https:\/\/lasilusiones.com.ar\/blog\/wp-json\/wp\/v2\/posts\/291","targetHints":{"allow":["GET"]}}],"collection":[{"href":"https:\/\/lasilusiones.com.ar\/blog\/wp-json\/wp\/v2\/posts"}],"about":[{"href":"https:\/\/lasilusiones.com.ar\/blog\/wp-json\/wp\/v2\/types\/post"}],"author":[{"embeddable":true,"href":"https:\/\/lasilusiones.com.ar\/blog\/wp-json\/wp\/v2\/users\/1"}],"replies":[{"embeddable":true,"href":"https:\/\/lasilusiones.com.ar\/blog\/wp-json\/wp\/v2\/comments?post=291"}],"version-history":[{"count":0,"href":"https:\/\/lasilusiones.com.ar\/blog\/wp-json\/wp\/v2\/posts\/291\/revisions"}],"wp:featuredmedia":[{"embeddable":true,"href":"https:\/\/lasilusiones.com.ar\/blog\/wp-json\/"}],"wp:attachment":[{"href":"https:\/\/lasilusiones.com.ar\/blog\/wp-json\/wp\/v2\/media?parent=291"}],"wp:term":[{"taxonomy":"category","embeddable":true,"href":"https:\/\/lasilusiones.com.ar\/blog\/wp-json\/wp\/v2\/categories?post=291"},{"taxonomy":"post_tag","embeddable":true,"href":"https:\/\/lasilusiones.com.ar\/blog\/wp-json\/wp\/v2\/tags?post=291"}],"curies":[{"name":"wp","href":"https:\/\/api.w.org\/{rel}","templated":true}]}}