{"id":2915,"date":"2025-09-12T09:10:48","date_gmt":"2025-09-12T12:10:48","guid":{"rendered":"https:\/\/lasilusiones.com.ar\/blog\/?p=2915"},"modified":"2025-09-12T09:33:00","modified_gmt":"2025-09-12T12:33:00","slug":"volvieron-los-bonette","status":"publish","type":"post","link":"https:\/\/lasilusiones.com.ar\/blog\/volvieron-los-bonette\/","title":{"rendered":"\u00a1Volvieron Los Bonette!"},"content":{"rendered":"\n<hr class=\"wp-block-separator has-alpha-channel-opacity\"\/>\n\n\n\n<h1 class=\"wp-block-heading\"><\/h1>\n\n\n\n<p>La m\u00fasica vuelve a sonar con fuerza: <strong>Los Bonette<\/strong> regresaron a los escenarios con una propuesta renovada, nuevos integrantes y un esp\u00edritu que contagia energ\u00eda.<\/p>\n\n\n\n<p>El estreno oficial de esta nueva etapa se dio en <strong>Orange Bar, en Devoto<\/strong>, donde la banda present\u00f3 su primer show en este formato. La noche super\u00f3 todas las expectativas: <em>\u201cFue zarpado, un mont\u00f3n de gente, terminamos re contentos\u201d<\/em>, comparti\u00f3 <strong>Santiago Sala<\/strong>, actual l\u00edder de la agrupaci\u00f3n.<\/p>\n\n\n\n<h3 class=\"wp-block-heading\">Nuevos integrantes <\/h3>\n\n\n\n<p>Hace unos meses, Los Bonette abrieron un casting al que se inscribieron m\u00e1s de 16 m\u00fasicos. De ese proceso surgi\u00f3 el nuevo equipo que le da vida a esta etapa:<\/p>\n\n\n\n<ul class=\"wp-block-list\">\n<li><strong>Mart\u00edn<\/strong> en la bater\u00eda.<\/li>\n\n\n\n<li><strong>Jorge Maxi y Cata<\/strong> en las voces principales.<\/li>\n\n\n\n<li><strong>Facu<\/strong> en guitarra y coros.<\/li>\n\n\n\n<li><strong>Sole<\/strong> en arm\u00f3nica y coros.<\/li>\n\n\n\n<li><strong>Santiago Sala<\/strong>, guitarra y voces.<\/li>\n<\/ul>\n\n\n\n<h3 class=\"wp-block-heading\">Lo que viene<\/h3>\n\n\n\n<p>La agenda ya est\u00e1 en marcha:<\/p>\n\n\n\n<ul class=\"wp-block-list\">\n<li><strong>19 de septiembre<\/strong> \u2013 show confirmado, \u00edntimo en <strong>Villa Urquiza<\/strong> (con un invitado especial&#8230;).<\/li>\n\n\n\n<li><strong>17 de octubre<\/strong> \u2013 presentaci\u00f3n en <strong>La Dama de Bollini<\/strong>.<\/li>\n<\/ul>\n\n\n\n<p>La idea, seg\u00fan adelant\u00f3 Santi, es sostener un ritmo de al menos una fecha por mes: <em>\u201cLa verdad que estamos re motivados, queremos que la gente nos acompa\u00f1e y seguir creciendo juntos\u201d<\/em>.<\/p>\n\n\n\n<p>Con nueva energ\u00eda, m\u00e1s voces y una fusi\u00f3n de estilos, <strong>Los Bonette prometen noches llenas de m\u00fasica y buena vibra<\/strong>.<\/p>\n\n\n\n<p><strong>Nacho<\/strong>, nuestro director, tambi\u00e9n nos dej\u00f3 su reflexi\u00f3n sobre este proyecto que naci\u00f3 a fines de 2018:<\/p>\n\n\n\n<p><em>Se preguntar\u00e1n por qu\u00e9 Las Ilusiones sigue apostando a la banda. Primero, porque empez\u00f3 siendo un proyecto que naci\u00f3 hace muchos a\u00f1os de la mano de Agos Fischietti, que fue una de las columnas vertebrales de las ilusiones. Y, sobre todo, porque Los Bonettes, nos sorprendieron un mont\u00f3n logrando temas nuevos, temas originales, grabaciones y hasta la realizaci\u00f3n de clips musicales. <strong>Entonces, realmente es un proyecto muy profesional que merece seguir siendo empujado, motivado y acompa\u00f1ado por la instituci\u00f3n y de paso hace que la m\u00fasica de Las Ilusiones vibre.<\/strong><\/em><\/p>\n\n\n\n<hr class=\"wp-block-separator has-alpha-channel-opacity\"\/>\n\n\n\n<p class=\"has-text-align-center\">Les dejamos fotos del evento y \u00bfen qu\u00e9 fecha los vemos?<\/p>\n\n\n\n<figure class=\"wp-block-gallery has-nested-images columns-default is-cropped wp-block-gallery-1 is-layout-flex wp-block-gallery-is-layout-flex\">\n<figure class=\"wp-block-image size-large\"><img loading=\"lazy\" decoding=\"async\" width=\"576\" height=\"1024\" data-id=\"2916\" src=\"https:\/\/lasilusiones.com.ar\/blog\/wp-content\/uploads\/2025\/09\/IMG_4953-576x1024.jpg\" alt=\"\" class=\"wp-image-2916\" srcset=\"https:\/\/lasilusiones.com.ar\/blog\/wp-content\/uploads\/2025\/09\/IMG_4953-576x1024.jpg 576w, https:\/\/lasilusiones.com.ar\/blog\/wp-content\/uploads\/2025\/09\/IMG_4953-169x300.jpg 169w, https:\/\/lasilusiones.com.ar\/blog\/wp-content\/uploads\/2025\/09\/IMG_4953-768x1365.jpg 768w, https:\/\/lasilusiones.com.ar\/blog\/wp-content\/uploads\/2025\/09\/IMG_4953-864x1536.jpg 864w, https:\/\/lasilusiones.com.ar\/blog\/wp-content\/uploads\/2025\/09\/IMG_4953-1152x2048.jpg 1152w, https:\/\/lasilusiones.com.ar\/blog\/wp-content\/uploads\/2025\/09\/IMG_4953-scaled.jpg 1440w\" sizes=\"auto, (max-width: 576px) 100vw, 576px\" \/><\/figure>\n\n\n\n<figure class=\"wp-block-image size-large\"><img loading=\"lazy\" decoding=\"async\" width=\"576\" height=\"1024\" data-id=\"2917\" src=\"https:\/\/lasilusiones.com.ar\/blog\/wp-content\/uploads\/2025\/09\/IMG_4957-576x1024.jpg\" alt=\"\" class=\"wp-image-2917\" srcset=\"https:\/\/lasilusiones.com.ar\/blog\/wp-content\/uploads\/2025\/09\/IMG_4957-576x1024.jpg 576w, https:\/\/lasilusiones.com.ar\/blog\/wp-content\/uploads\/2025\/09\/IMG_4957-169x300.jpg 169w, https:\/\/lasilusiones.com.ar\/blog\/wp-content\/uploads\/2025\/09\/IMG_4957-768x1365.jpg 768w, https:\/\/lasilusiones.com.ar\/blog\/wp-content\/uploads\/2025\/09\/IMG_4957-864x1536.jpg 864w, https:\/\/lasilusiones.com.ar\/blog\/wp-content\/uploads\/2025\/09\/IMG_4957-1152x2048.jpg 1152w, https:\/\/lasilusiones.com.ar\/blog\/wp-content\/uploads\/2025\/09\/IMG_4957-scaled.jpg 1440w\" sizes=\"auto, (max-width: 576px) 100vw, 576px\" \/><\/figure>\n\n\n\n<figure class=\"wp-block-image size-large\"><img loading=\"lazy\" decoding=\"async\" width=\"576\" height=\"1024\" data-id=\"2918\" src=\"https:\/\/lasilusiones.com.ar\/blog\/wp-content\/uploads\/2025\/09\/IMG_4951-576x1024.jpg\" alt=\"\" class=\"wp-image-2918\" srcset=\"https:\/\/lasilusiones.com.ar\/blog\/wp-content\/uploads\/2025\/09\/IMG_4951-576x1024.jpg 576w, https:\/\/lasilusiones.com.ar\/blog\/wp-content\/uploads\/2025\/09\/IMG_4951-169x300.jpg 169w, https:\/\/lasilusiones.com.ar\/blog\/wp-content\/uploads\/2025\/09\/IMG_4951-768x1365.jpg 768w, https:\/\/lasilusiones.com.ar\/blog\/wp-content\/uploads\/2025\/09\/IMG_4951-864x1536.jpg 864w, https:\/\/lasilusiones.com.ar\/blog\/wp-content\/uploads\/2025\/09\/IMG_4951-1152x2048.jpg 1152w, https:\/\/lasilusiones.com.ar\/blog\/wp-content\/uploads\/2025\/09\/IMG_4951-scaled.jpg 1440w\" sizes=\"auto, (max-width: 576px) 100vw, 576px\" \/><\/figure>\n<\/figure>\n","protected":false},"excerpt":{"rendered":"<p>La m\u00fasica vuelve a sonar con fuerza: Los Bonette regresaron a los escenarios con una propuesta renovada, nuevos integrantes y un esp\u00edritu que contagia energ\u00eda.&hellip;<\/p>\n","protected":false},"author":2,"featured_media":0,"comment_status":"open","ping_status":"open","sticky":false,"template":"","format":"standard","meta":{"_monsterinsights_skip_tracking":false,"_monsterinsights_sitenote_active":false,"_monsterinsights_sitenote_note":"","_monsterinsights_sitenote_category":0,"footnotes":""},"categories":[4],"tags":[],"class_list":["post-2915","post","type-post","status-publish","format-standard","hentry","category-articulo"],"_links":{"self":[{"href":"https:\/\/lasilusiones.com.ar\/blog\/wp-json\/wp\/v2\/posts\/2915","targetHints":{"allow":["GET"]}}],"collection":[{"href":"https:\/\/lasilusiones.com.ar\/blog\/wp-json\/wp\/v2\/posts"}],"about":[{"href":"https:\/\/lasilusiones.com.ar\/blog\/wp-json\/wp\/v2\/types\/post"}],"author":[{"embeddable":true,"href":"https:\/\/lasilusiones.com.ar\/blog\/wp-json\/wp\/v2\/users\/2"}],"replies":[{"embeddable":true,"href":"https:\/\/lasilusiones.com.ar\/blog\/wp-json\/wp\/v2\/comments?post=2915"}],"version-history":[{"count":5,"href":"https:\/\/lasilusiones.com.ar\/blog\/wp-json\/wp\/v2\/posts\/2915\/revisions"}],"predecessor-version":[{"id":2923,"href":"https:\/\/lasilusiones.com.ar\/blog\/wp-json\/wp\/v2\/posts\/2915\/revisions\/2923"}],"wp:attachment":[{"href":"https:\/\/lasilusiones.com.ar\/blog\/wp-json\/wp\/v2\/media?parent=2915"}],"wp:term":[{"taxonomy":"category","embeddable":true,"href":"https:\/\/lasilusiones.com.ar\/blog\/wp-json\/wp\/v2\/categories?post=2915"},{"taxonomy":"post_tag","embeddable":true,"href":"https:\/\/lasilusiones.com.ar\/blog\/wp-json\/wp\/v2\/tags?post=2915"}],"curies":[{"name":"wp","href":"https:\/\/api.w.org\/{rel}","templated":true}]}}