{"id":2925,"date":"2025-09-26T08:28:49","date_gmt":"2025-09-26T11:28:49","guid":{"rendered":"https:\/\/lasilusiones.com.ar\/blog\/?p=2925"},"modified":"2025-09-26T11:35:53","modified_gmt":"2025-09-26T14:35:53","slug":"semana-internacional-de-las-personas-sordas","status":"publish","type":"post","link":"https:\/\/lasilusiones.com.ar\/blog\/semana-internacional-de-las-personas-sordas\/","title":{"rendered":"Semana Internacional de las Personas Sordas"},"content":{"rendered":"\n<p><\/p>\n\n\n\n<p style=\"font-size:23px\"><strong><strong><strong>\u201cNo hay derechos humanos sin derecho a la lengua de se\u00f1as\u201d<\/strong><\/strong><\/strong><\/p>\n\n\n\n<p>Este el lema del 2025 para la conmemoraci\u00f3n de la Semana Internacional de las Personas Sordas, que cada septiembre invita a <strong>poner en primer plano la identidad y la cultura de la comunidad sorda en todo el mundo<\/strong>. Fue impulsada por la Federaci\u00f3n Mundial de Sordos y, coincide con el D\u00eda Nacional de las Personas Sordas (19 de septiembre, en Argentina) y, a nivel mundial, con el D\u00eda Internacional de las Lenguas de Se\u00f1as (23 de septiembre, proclamado en 2017 por Naciones Unidas).&nbsp; La semana invita a reflexionar sobre la importancia de la lengua de se\u00f1as como parte de la identidad, la cultura y la diversidad ling\u00fc\u00edstica de millones de personas en el mundo.&nbsp;<\/p>\n\n\n\n<h3 class=\"wp-block-heading has-regular-font-size\"><strong>El proyecto con Editorial Bonum<\/strong><\/h3>\n\n\n\n<p>Hace unos meses, Las Ilusiones particip\u00f3 de un proyecto junto a la <strong>Editorial Bonum<\/strong>, para acercar cuentos infantiles en formato biling\u00fce: lengua escrita y lengua de se\u00f1as. La propuesta busc\u00f3 <strong>abrir puertas de accesibilidad <\/strong>y, al mismo tiempo, generar <strong>un material que puedan disfrutar tanto familias sordas como oyentes<\/strong>. Nuestro director, <strong>Juan Ignacio Acosta<\/strong>, recuerda c\u00f3mo empez\u00f3 todo:<\/p>\n\n\n\n<p><em>\u201cLa Editorial Bonum se acerc\u00f3 con su programa para infancias, con el inter\u00e9s de incluir la lengua de se\u00f1as como m\u00e9todo accesible para las personas sordas e hipoac\u00fasicas que utilizan ese medio de comunicaci\u00f3n. Buscaban la manera de generar mayor accesibilidad y espectacularidad, as\u00ed que empezamos a cranear este proyecto y tuvimos la suerte de encontrar a Natalia, que es una persona sorda y pertenece a esa comunidad, que es actriz y que entiende ambos mundos desde su lengua, de una manera muy interesante. Los cuentos pudieron volar.\u201d<\/em><\/p>\n\n\n\n<p><em>Natalia<\/em>, es <strong>Natalia Tesone<\/strong>, actriz, psic\u00f3loga social, t\u00e9cnica en comunicaci\u00f3n y hablante nativa en Lengua de Se\u00f1as Argentina, parte fundamental del proyecto. En este marco de la conmemoraci\u00f3n y a pocos d\u00edas de lanzados los cuentos, quer\u00edamos saber cu\u00e1l es su mirada sobre la lengua de se\u00f1as. Esto nos dijo:<\/p>\n\n\n\n<p><br><em>\u201cMi mirada tiene que ver m\u00e1s que nada con la accesibilidad y <strong>la accesibilidad es un derecho.<\/strong> Son dos cosas distintas, una tiene que ver con ofrecer accesibilidad, con poner un rol espec\u00edfico como el rol de los y las int\u00e9rpretes de lengua de se\u00f1as argentina, en los distintos lugares, eventos o espacios importantes, ya sean gubernamentales, como ser, por ejemplo un hospital, un teatro nacional. El otro aspecto, est\u00e1 relacionado con la necesidad de que todas las personas pudieran aprender la lengua de se\u00f1as como un segundo idioma, as\u00ed como pasa en las escuelas biling\u00fces donde se ense\u00f1a ingl\u00e9s, italiano. Esto es lo que pretende la Ley de Lengua de Se\u00f1as <a href=\"https:\/\/www.boletinoficial.gob.ar\/detalleAviso\/primera\/285603\/20230503\">(Ley 27.710, de 2023)<\/a>, que la reconoce como lengua en todo el territorio nacional. Pensar <strong>la posibilidad de acceder a un segundo idioma, en este caso una lengua visual o viso gestual, que las infancias la aprendan, lo que va a generar es que m\u00e1s personas la hablen y que las personas sordas estemos comunicadas naturalmente en cualquier espacio, m\u00e1s all\u00e1 de los roles institucionales.\u201d<\/strong><\/em><\/p>\n\n\n\n<p>Le pedimos tambi\u00e9n que nos cuente c\u00f3mo fue la experiencia de trabajar con los cuentos infantiles de la editorial.<\/p>\n\n\n\n<p><em>\u201cComo soy persona sorda biling\u00fce, lo que hice fue trabajar los cuentos y algunos de los textos que proponen los libros en espa\u00f1ol; no solo traducirlos, sino directamente proponerlos en lengua de se\u00f1as. Lo que se decidi\u00f3 fue hacer una editorial biling\u00fce escrita, por un lado, y sonora y visual por el otro (en lengua de se\u00f1as). Mi rol fue el de una persona sorda, hablante nativa de la lengua,  narrando los cuentos con la potencialidad que tiene la propia lengua de se\u00f1as, de ser una lengua visual que la hace m\u00e1s atractiva que una lengua escrita 2D, plana (por m\u00e1s que tenga dibujos). Es decir, en este caso no tuve un rol de int\u00e9rprete, sino que narr\u00e9 los cuentos. En el caso de una infancia sorde, lo que ocurre es que al tener ese mismo cuento en su propia lengua, enriquece la posibilidad no solo de la comprensi\u00f3n, sino de la interacci\u00f3n con un material literario en este caso. As\u00ed que feliz de haber sido parte de este proyecto como narradora que permite acercar cada vez m\u00e1s materiales posibles a las infancias sordes. <strong>Y tambi\u00e9n felicidad de que a otras infancias o familias completas de personas sordas y oyentes, les llegue un material de este tipo, en todas las lenguas <\/strong>(me refiero en la lengua escrita castellana oral y en la lengua de se\u00f1as) hace que todos, al mismo tiempo, puedan disfrutar de un material literario, como son los cuentos de la Editorial Bonum para las primeras infancias.\u201d<\/em><\/p>\n\n\n\n<figure class=\"wp-block-gallery has-nested-images columns-default is-cropped wp-block-gallery-1 is-layout-flex wp-block-gallery-is-layout-flex\">\n<figure class=\"wp-block-image size-large\"><img loading=\"lazy\" decoding=\"async\" width=\"1024\" height=\"576\" data-id=\"2938\" src=\"https:\/\/lasilusiones.com.ar\/blog\/wp-content\/uploads\/2025\/09\/print_bonum-03-1024x576.jpg\" alt=\"\" class=\"wp-image-2938\" srcset=\"https:\/\/lasilusiones.com.ar\/blog\/wp-content\/uploads\/2025\/09\/print_bonum-03-1024x576.jpg 1024w, https:\/\/lasilusiones.com.ar\/blog\/wp-content\/uploads\/2025\/09\/print_bonum-03-300x169.jpg 300w, https:\/\/lasilusiones.com.ar\/blog\/wp-content\/uploads\/2025\/09\/print_bonum-03-768x432.jpg 768w, https:\/\/lasilusiones.com.ar\/blog\/wp-content\/uploads\/2025\/09\/print_bonum-03-1536x864.jpg 1536w, https:\/\/lasilusiones.com.ar\/blog\/wp-content\/uploads\/2025\/09\/print_bonum-03.jpg 1920w\" sizes=\"auto, (max-width: 1024px) 100vw, 1024px\" \/><\/figure>\n\n\n\n<figure class=\"wp-block-image size-large\"><img loading=\"lazy\" decoding=\"async\" width=\"1024\" height=\"576\" data-id=\"2936\" src=\"https:\/\/lasilusiones.com.ar\/blog\/wp-content\/uploads\/2025\/09\/print_bonum-01-1024x576.jpg\" alt=\"\" class=\"wp-image-2936\" srcset=\"https:\/\/lasilusiones.com.ar\/blog\/wp-content\/uploads\/2025\/09\/print_bonum-01-1024x576.jpg 1024w, https:\/\/lasilusiones.com.ar\/blog\/wp-content\/uploads\/2025\/09\/print_bonum-01-300x169.jpg 300w, https:\/\/lasilusiones.com.ar\/blog\/wp-content\/uploads\/2025\/09\/print_bonum-01-768x432.jpg 768w, https:\/\/lasilusiones.com.ar\/blog\/wp-content\/uploads\/2025\/09\/print_bonum-01-1536x864.jpg 1536w, https:\/\/lasilusiones.com.ar\/blog\/wp-content\/uploads\/2025\/09\/print_bonum-01.jpg 1920w\" sizes=\"auto, (max-width: 1024px) 100vw, 1024px\" \/><\/figure>\n\n\n\n<figure class=\"wp-block-image size-large\"><img loading=\"lazy\" decoding=\"async\" width=\"1024\" height=\"576\" data-id=\"2937\" src=\"https:\/\/lasilusiones.com.ar\/blog\/wp-content\/uploads\/2025\/09\/print_bonum-02-1-1024x576.jpg\" alt=\"\" class=\"wp-image-2937\" srcset=\"https:\/\/lasilusiones.com.ar\/blog\/wp-content\/uploads\/2025\/09\/print_bonum-02-1-1024x576.jpg 1024w, https:\/\/lasilusiones.com.ar\/blog\/wp-content\/uploads\/2025\/09\/print_bonum-02-1-300x169.jpg 300w, https:\/\/lasilusiones.com.ar\/blog\/wp-content\/uploads\/2025\/09\/print_bonum-02-1-768x432.jpg 768w, https:\/\/lasilusiones.com.ar\/blog\/wp-content\/uploads\/2025\/09\/print_bonum-02-1-1536x864.jpg 1536w, https:\/\/lasilusiones.com.ar\/blog\/wp-content\/uploads\/2025\/09\/print_bonum-02-1.jpg 1920w\" sizes=\"auto, (max-width: 1024px) 100vw, 1024px\" \/><\/figure>\n<\/figure>\n\n\n\n<figure class=\"wp-block-video\"><video height=\"400\" style=\"aspect-ratio: 720 \/ 400;\" width=\"720\" controls src=\"https:\/\/lasilusiones.com.ar\/blog\/wp-content\/uploads\/2025\/09\/Video-de-WhatsApp-2025-09-26-a-las-11.27.50_a075a3ca.mp4\"><\/video><\/figure>\n\n\n\n<p>En Las Ilusiones, desde hace tiempo tenemos un horizonte claro: La inclusi\u00f3n como posici\u00f3n en la vida: <em>\u201cEl acuerdo con <a href=\"https:\/\/www.editorialbonum.com.ar\/mini-bonum\">Mini Bonum<\/a> es un ejemplo m\u00e1s de lo que buscamos hace a\u00f1os: una inclusi\u00f3n real, articulando con distintos actores de la sociedad, que nos permiten seguir generando acciones para personas con y sin discapacidad. En este caso, tomamos cuentos que no hab\u00edan sido pensados para la comunidad sorda y, con Natalia, <strong>generamos algo muy valorado por esa comunidad pero que tambi\u00e9n le da un valor agregado a la sociedad en general. <\/strong>Como director, no puedo estar m\u00e1s que orgulloso de la comunidad que hacemos cada d\u00eda\u201d, cerr\u00f3 Nacho.<\/em><\/p>\n\n\n\n<p class=\"has-text-align-center has-regular-font-size\"><strong>Nuestro deseo: que m\u00e1s personas aprendan la Lengua de Se\u00f1as Argentina y que m\u00e1s instituciones abran sus puertas a proyectos inclusivos, para que<\/strong> <strong>se multipliquen las conversaciones y que nadie quede afuera.<\/strong><\/p>\n\n\n\n<p class=\"has-text-align-center\"><strong>Y vos, \u00bfSab\u00e9s LSA? \u00bfTe gustar\u00eda aprender?<\/strong><\/p>\n","protected":false},"excerpt":{"rendered":"<p>\u201cNo hay derechos humanos sin derecho a la lengua de se\u00f1as\u201d Este el lema del 2025 para la conmemoraci\u00f3n de la Semana Internacional de las&hellip;<\/p>\n","protected":false},"author":2,"featured_media":0,"comment_status":"open","ping_status":"open","sticky":false,"template":"","format":"standard","meta":{"_monsterinsights_skip_tracking":false,"_monsterinsights_sitenote_active":false,"_monsterinsights_sitenote_note":"","_monsterinsights_sitenote_category":0,"footnotes":""},"categories":[4],"tags":[],"class_list":["post-2925","post","type-post","status-publish","format-standard","hentry","category-articulo"],"_links":{"self":[{"href":"https:\/\/lasilusiones.com.ar\/blog\/wp-json\/wp\/v2\/posts\/2925","targetHints":{"allow":["GET"]}}],"collection":[{"href":"https:\/\/lasilusiones.com.ar\/blog\/wp-json\/wp\/v2\/posts"}],"about":[{"href":"https:\/\/lasilusiones.com.ar\/blog\/wp-json\/wp\/v2\/types\/post"}],"author":[{"embeddable":true,"href":"https:\/\/lasilusiones.com.ar\/blog\/wp-json\/wp\/v2\/users\/2"}],"replies":[{"embeddable":true,"href":"https:\/\/lasilusiones.com.ar\/blog\/wp-json\/wp\/v2\/comments?post=2925"}],"version-history":[{"count":8,"href":"https:\/\/lasilusiones.com.ar\/blog\/wp-json\/wp\/v2\/posts\/2925\/revisions"}],"predecessor-version":[{"id":2942,"href":"https:\/\/lasilusiones.com.ar\/blog\/wp-json\/wp\/v2\/posts\/2925\/revisions\/2942"}],"wp:attachment":[{"href":"https:\/\/lasilusiones.com.ar\/blog\/wp-json\/wp\/v2\/media?parent=2925"}],"wp:term":[{"taxonomy":"category","embeddable":true,"href":"https:\/\/lasilusiones.com.ar\/blog\/wp-json\/wp\/v2\/categories?post=2925"},{"taxonomy":"post_tag","embeddable":true,"href":"https:\/\/lasilusiones.com.ar\/blog\/wp-json\/wp\/v2\/tags?post=2925"}],"curies":[{"name":"wp","href":"https:\/\/api.w.org\/{rel}","templated":true}]}}