{"id":2955,"date":"2025-10-13T09:18:31","date_gmt":"2025-10-13T12:18:31","guid":{"rendered":"https:\/\/lasilusiones.com.ar\/blog\/?p=2955"},"modified":"2025-10-13T09:18:32","modified_gmt":"2025-10-13T12:18:32","slug":"octubre-mes-de-concientizacion-sobre-el-sindrome-de-down-3","status":"publish","type":"post","link":"https:\/\/lasilusiones.com.ar\/blog\/octubre-mes-de-concientizacion-sobre-el-sindrome-de-down-3\/","title":{"rendered":"Octubre: mes de concientizaci\u00f3n sobre el S\u00edndrome de Down"},"content":{"rendered":"\n<p>Desde la d\u00e9cada de 1980, octubre fue definido como el Mes de Concientizaci\u00f3n sobre el S\u00edndrome de Down, una oportunidad para visibilizar derechos, capacidades y seguir velando por la inclusi\u00f3n plena, poniendo a la persona primero, lejos de estereotipos y sensacionalismos.<a href=\"https:\/\/ds-int.org\/?utm_source=chatgpt.com\">&nbsp;<\/a><\/p>\n\n\n\n<p>El S\u00edndrome de Down es una condici\u00f3n gen\u00e9tica causada por la presencia de una copia extra del cromosoma 21. Seg\u00fan los estudios, la detecci\u00f3n temprana, la educaci\u00f3n y estimulaci\u00f3n, mejoran la calidad de vida y la autonom\u00eda.&nbsp;<\/p>\n\n\n\n<p>En nuestro pa\u00eds, ASDRA es una de las principales organizaciones que realizan campa\u00f1as de informaci\u00f3n y concientizaci\u00f3n y promueven pol\u00edticas p\u00fablicas apuntando a lograr la participaci\u00f3n plena de las personas con S\u00edndrome de Down. Es una instituci\u00f3n amiga de Las Ilusiones y muchos de los artistas que conforman la Compa\u00f1\u00eda, vienen de all\u00ed. Por este motivo, quisimos contar con algunas palabras alusivas de Valeria Follonier, presidenta de ASDRA.<\/p>\n\n\n\n<div class=\"wp-block-media-text is-stacked-on-mobile\"><figure class=\"wp-block-media-text__media\"><img loading=\"lazy\" decoding=\"async\" width=\"785\" height=\"1024\" src=\"https:\/\/lasilusiones.com.ar\/blog\/wp-content\/uploads\/2025\/10\/WhatsApp-Image-2025-10-09-at-08.15.17-785x1024.jpeg\" alt=\"\" class=\"wp-image-2957 size-full\" srcset=\"https:\/\/lasilusiones.com.ar\/blog\/wp-content\/uploads\/2025\/10\/WhatsApp-Image-2025-10-09-at-08.15.17-785x1024.jpeg 785w, https:\/\/lasilusiones.com.ar\/blog\/wp-content\/uploads\/2025\/10\/WhatsApp-Image-2025-10-09-at-08.15.17-230x300.jpeg 230w, https:\/\/lasilusiones.com.ar\/blog\/wp-content\/uploads\/2025\/10\/WhatsApp-Image-2025-10-09-at-08.15.17-768x1001.jpeg 768w, https:\/\/lasilusiones.com.ar\/blog\/wp-content\/uploads\/2025\/10\/WhatsApp-Image-2025-10-09-at-08.15.17.jpeg 1116w\" sizes=\"auto, (max-width: 785px) 100vw, 785px\" \/><\/figure><div class=\"wp-block-media-text__content\">\n<p><em>&#8220;Octubre es el mes de la concientizaci\u00f3n sobre el s\u00edndrome de Down, una oportunidad para visibilizar, celebrar y reafirmar el valor de cada persona en su singularidad. Como Presidenta de ASDRA y, m\u00e1s especialmente, como mam\u00e1 de Lara, entusiasta participante de las clases de danza, quisiera destacar la importancia de generar espacios donde los ni\u00f1os y j\u00f3venes con s\u00edndrome de Down puedan expresarse, aprender y compartir a trav\u00e9s del arte. Las actividades art\u00edsticas no solo potencian la creatividad y la comunicaci\u00f3n, sino que tambi\u00e9n fortalecen la autoestima, la inclusi\u00f3n y el sentido de pertenencia. En definitiva, el encuentro entre pares y amigos. Agradezco profundamente a Las Ilusiones que abre sus puertas y su coraz\u00f3n para hacer posible estos encuentros, que a su vez, nos enriquecen como comunidad y nos invitan a construir una sociedad m\u00e1s diversa y emp\u00e1tica&#8221;.<\/em><\/p>\n<\/div><\/div>\n\n\n\n<p>En Las Ilusiones estaremos transitando este mes con varias actividades:<\/p>\n\n\n\n<ul class=\"wp-block-list\">\n<li>15\/10, 19h: Conversatorio &#8220;Tr\u00e1nsito a la vida independiente: construyendo el camino&#8221;, a cargo de Nacho Acosta y Nina \u00c1vila, director y vice.<\/li>\n\n\n\n<li>17\/10, 20h: Show musical de Los Bonette.<\/li>\n\n\n\n<li>27\/10, 19h: Funci\u00f3n de teatro de &#8220;El Gran Burgu\u00e9s&#8221;.<\/li>\n<\/ul>\n\n\n\n<p>Para cerrar, Nina, nuestra vice directora,nos dej\u00f3 su reflexi\u00f3n: &#8220;Si bien la visibilizacion de las personas con S\u00edndrome de Down es una construcci\u00f3n diaria, estas fechas son de gran utilidad para continuar derribando mitos y potenciar a las personas en su singularidad, como tambi\u00e9n poner dar a conocer a organizaciones que todos los d\u00edas trabajan para sumar conciencia y hacer valer sus derechos. Desde Las Ilusiones asumimos el compromiso de hacerlo a trav\u00e9s del arte , buscando que el escenario sea el lugar para desmitificar prejuicios, acompa\u00f1ar sin etiquetas y seguir construyendo mayor identidad juntos&#8221;.<\/p>\n\n\n\n<p>Sigamos construyendo una sociedad donde haya espacio y oportunidades para cada una de las personas, sin importar su condici\u00f3n. <\/p>\n","protected":false},"excerpt":{"rendered":"<p>Desde la d\u00e9cada de 1980, octubre fue definido como el Mes de Concientizaci\u00f3n sobre el S\u00edndrome de Down, una oportunidad para visibilizar derechos, capacidades y&hellip;<\/p>\n","protected":false},"author":2,"featured_media":0,"comment_status":"open","ping_status":"open","sticky":false,"template":"","format":"standard","meta":{"_monsterinsights_skip_tracking":false,"_monsterinsights_sitenote_active":false,"_monsterinsights_sitenote_note":"","_monsterinsights_sitenote_category":0,"footnotes":""},"categories":[4],"tags":[],"class_list":["post-2955","post","type-post","status-publish","format-standard","hentry","category-articulo"],"_links":{"self":[{"href":"https:\/\/lasilusiones.com.ar\/blog\/wp-json\/wp\/v2\/posts\/2955","targetHints":{"allow":["GET"]}}],"collection":[{"href":"https:\/\/lasilusiones.com.ar\/blog\/wp-json\/wp\/v2\/posts"}],"about":[{"href":"https:\/\/lasilusiones.com.ar\/blog\/wp-json\/wp\/v2\/types\/post"}],"author":[{"embeddable":true,"href":"https:\/\/lasilusiones.com.ar\/blog\/wp-json\/wp\/v2\/users\/2"}],"replies":[{"embeddable":true,"href":"https:\/\/lasilusiones.com.ar\/blog\/wp-json\/wp\/v2\/comments?post=2955"}],"version-history":[{"count":4,"href":"https:\/\/lasilusiones.com.ar\/blog\/wp-json\/wp\/v2\/posts\/2955\/revisions"}],"predecessor-version":[{"id":2960,"href":"https:\/\/lasilusiones.com.ar\/blog\/wp-json\/wp\/v2\/posts\/2955\/revisions\/2960"}],"wp:attachment":[{"href":"https:\/\/lasilusiones.com.ar\/blog\/wp-json\/wp\/v2\/media?parent=2955"}],"wp:term":[{"taxonomy":"category","embeddable":true,"href":"https:\/\/lasilusiones.com.ar\/blog\/wp-json\/wp\/v2\/categories?post=2955"},{"taxonomy":"post_tag","embeddable":true,"href":"https:\/\/lasilusiones.com.ar\/blog\/wp-json\/wp\/v2\/tags?post=2955"}],"curies":[{"name":"wp","href":"https:\/\/api.w.org\/{rel}","templated":true}]}}