{"id":2962,"date":"2025-10-20T07:40:46","date_gmt":"2025-10-20T10:40:46","guid":{"rendered":"https:\/\/lasilusiones.com.ar\/blog\/?p=2962"},"modified":"2025-10-20T09:32:09","modified_gmt":"2025-10-20T12:32:09","slug":"santiago-puiggari-y-su-testimonio-en-la-nacion","status":"publish","type":"post","link":"https:\/\/lasilusiones.com.ar\/blog\/santiago-puiggari-y-su-testimonio-en-la-nacion\/","title":{"rendered":"Santiago Puiggari y su testimonio en La Naci\u00f3n"},"content":{"rendered":"\n<p><\/p>\n\n\n\n<p>Santiago Puiggari, artista de la sede Olivos, tiene 34 a\u00f1os y S\u00edndrome de Down, fue invitado por La Naci\u00f3n a escribir una cr\u00f3nica, junto a otros dos j\u00f3venes con discapacidad intelectual sobre un tema en el que en Las Ilusiones y el Programa TAO venimos trabajando hace a\u00f1os: <strong>la independencia y la autonom\u00eda<\/strong>.<\/p>\n\n\n\n<p>En su testimonio, Santiago cuenta que vive solo, trabaja, act\u00faa y organiza su propia vida. <strong>Durante mucho tiempo, otros tomaban decisiones por \u00e9l:<\/strong> qu\u00e9 comer, a d\u00f3nde ir, c\u00f3mo organizar su d\u00eda. Hasta que un d\u00eda dijo basta. Quer\u00eda vivir solo, viajar en colectivo, cocinar, decidir qu\u00e9 hacer con su tiempo. <em>\u201cMe encant\u00f3 que me hagan esta nota, ahora que se cumplen los 10 meses de estar viviendo solo\u201d,<\/em> nos dijo Santi, que en la nota cuenta c\u00f3mo fue el proceso de entrenamiento para la vida independiente, con el acompa\u00f1amiento de su familia y de Las Ilusiones.<\/p>\n\n\n\n<p>Los invitamos a leer la nota, muy potente, que muestra que la autonom\u00eda no es solo \u201cque alguien cuide de vos\u201d, sino que <em>vos puedas decidir tu vida<\/em>, con los apoyos necesarios (asistente personal, adaptaciones, vivienda, trabajos inclusivos). Tambi\u00e9n nos invita a reflexionar sobre la mirada social: muchas barreras no son f\u00edsicas ni m\u00e9dicas, sino mentales y culturales.<\/p>\n\n\n\n<p>En est\u00e1 l\u00ednea, Juan Ignacio Acosta, nuestro director, nos comparti\u00f3 su reflexi\u00f3n: <em>\u201cEs muy bello que aparezcan estos espacios donde se pueda visibilizar la potencialidad de cada joven. Es bello porque nos permite crecer en y como sociedad. La historia de Santi es la historia de alguien que pudo. Y, seguramente, muchos pensar\u00e1n \u2018bueno tal vez yo no tengo las mismas posibilidades\u2019, por diferentes motivos (econ\u00f3micos, familiares, de apoyo). Pero si no empezamos por un principio posible, la independencia y la autonom\u00eda de una persona con discapacidad intelectual, nunca se van a lograr. <strong>Entonces, hay que comenzar este tr\u00e1nsito, como todo camino, dando el primer paso<\/strong><\/em>\u201d.<\/p>\n\n\n\n<p>Les dejamos <a href=\"https:\/\/www.lanacion.com.ar\/comunidad\/discapacidad-y-vida-independiente-nid16102025\/?utm_source=appln#deciden\" data-type=\"link\" data-id=\"https:\/\/www.lanacion.com.ar\/comunidad\/discapacidad-y-vida-independiente-nid16102025\/?utm_source=appln#deciden\">el link a la nota<\/a>.<\/p>\n\n\n\n<p><\/p>\n","protected":false},"excerpt":{"rendered":"<p>Santiago Puiggari, artista de la sede Olivos, tiene 34 a\u00f1os y S\u00edndrome de Down, fue invitado por La Naci\u00f3n a escribir una cr\u00f3nica, junto a&hellip;<\/p>\n","protected":false},"author":2,"featured_media":0,"comment_status":"open","ping_status":"open","sticky":false,"template":"","format":"standard","meta":{"_monsterinsights_skip_tracking":false,"_monsterinsights_sitenote_active":false,"_monsterinsights_sitenote_note":"","_monsterinsights_sitenote_category":0,"footnotes":""},"categories":[4],"tags":[],"class_list":["post-2962","post","type-post","status-publish","format-standard","hentry","category-articulo"],"_links":{"self":[{"href":"https:\/\/lasilusiones.com.ar\/blog\/wp-json\/wp\/v2\/posts\/2962","targetHints":{"allow":["GET"]}}],"collection":[{"href":"https:\/\/lasilusiones.com.ar\/blog\/wp-json\/wp\/v2\/posts"}],"about":[{"href":"https:\/\/lasilusiones.com.ar\/blog\/wp-json\/wp\/v2\/types\/post"}],"author":[{"embeddable":true,"href":"https:\/\/lasilusiones.com.ar\/blog\/wp-json\/wp\/v2\/users\/2"}],"replies":[{"embeddable":true,"href":"https:\/\/lasilusiones.com.ar\/blog\/wp-json\/wp\/v2\/comments?post=2962"}],"version-history":[{"count":3,"href":"https:\/\/lasilusiones.com.ar\/blog\/wp-json\/wp\/v2\/posts\/2962\/revisions"}],"predecessor-version":[{"id":2967,"href":"https:\/\/lasilusiones.com.ar\/blog\/wp-json\/wp\/v2\/posts\/2962\/revisions\/2967"}],"wp:attachment":[{"href":"https:\/\/lasilusiones.com.ar\/blog\/wp-json\/wp\/v2\/media?parent=2962"}],"wp:term":[{"taxonomy":"category","embeddable":true,"href":"https:\/\/lasilusiones.com.ar\/blog\/wp-json\/wp\/v2\/categories?post=2962"},{"taxonomy":"post_tag","embeddable":true,"href":"https:\/\/lasilusiones.com.ar\/blog\/wp-json\/wp\/v2\/tags?post=2962"}],"curies":[{"name":"wp","href":"https:\/\/api.w.org\/{rel}","templated":true}]}}