{"id":3002,"date":"2026-03-06T12:46:23","date_gmt":"2026-03-06T15:46:23","guid":{"rendered":"https:\/\/lasilusiones.com.ar\/blog\/?p=3002"},"modified":"2026-03-06T14:37:43","modified_gmt":"2026-03-06T17:37:43","slug":"27-de-febrero-dia-mundial-de-las-ong-2","status":"publish","type":"post","link":"https:\/\/lasilusiones.com.ar\/blog\/27-de-febrero-dia-mundial-de-las-ong-2\/","title":{"rendered":"27 de febrero: D\u00eda Mundial de las ONG"},"content":{"rendered":"\n<p>Este d\u00eda busca reconocer el trabajo de las organizaciones de la sociedad civil que, desde distintos \u00e1mbitos, contribuyen al desarrollo social, la defensa de derechos y el cuidado del ambiente. Se celebra a nivel global, desde 2014, con el respaldo de instituciones internacionales y gobiernos, como una forma de visibilizar el impacto de las organizaciones sin fines de lucro y de quienes participan en ellas \u2014trabajadores, voluntarios y comunidades.&nbsp;<\/p>\n\n\n\n<p>A nivel mundial se estima que hay m\u00e1s de 10 millones de organizaciones no gubernamentales y <strong>en Argentina se calcula que existen<\/strong> <strong>m\u00e1s de 100.000.<\/strong> El sector cumple un <strong>rol clave en complementar pol\u00edticas p\u00fablicas, impulsar innovaciones sociales y canalizar la participaci\u00f3n ciudadana.<\/strong><\/p>\n\n\n\n<p>Una de esas 100.000 es <strong>nuestra ONG, Despuntado<\/strong>. Juan Ignacio Acosta, Director de Las Ilusiones y miembro de la comisi\u00f3n directiva, nos cuenta:\u00a0<\/p>\n\n\n\n<p>\u201c<em>Despuntado surge porque necesit\u00e1bamos tener <strong>mayor alcance<\/strong>, cosa que como espacio privado era imposible, y porque, adem\u00e1s, cada vez hab\u00eda <strong>m\u00e1s consultas sociales, pedidos de becas o de colaboraci\u00f3n<\/strong>. El nombre Despuntado lo elegimos porque hace referencia a algo nuevo, algo que comienza, como el amanecer o las ra\u00edces de algo que nace.\u00a0<\/em><\/p>\n\n\n\n<p><em><strong>Somos una ONG moderna que trabaja por la diversidad <\/strong>y que desde su creaci\u00f3n, y en los \u00faltimos tres a\u00f1os, espec\u00edficamente, no par\u00f3 de crecer y de generar alianzas como <strong>Disney, Comafi, EY, Banco Galicia, Medif\u00e9 y Naturgy.<\/strong> Que empresas tan grandes nos acompa\u00f1en, nos enorgullece como comunidad y nos confirma que estamos en la direcci\u00f3n correcta\u201d.<\/em><\/p>\n\n\n\n<p>Cada a\u00f1o sumamos desaf\u00edos y concretamos sue\u00f1os, este 2026 no ser\u00e1 distinto. Conocenos, sumate.<\/p>\n\n\n\n<p><\/p>\n","protected":false},"excerpt":{"rendered":"<p>Este d\u00eda busca reconocer el trabajo de las organizaciones de la sociedad civil que, desde distintos \u00e1mbitos, contribuyen al desarrollo social, la defensa de derechos&hellip;<\/p>\n","protected":false},"author":2,"featured_media":0,"comment_status":"open","ping_status":"open","sticky":false,"template":"","format":"standard","meta":{"_monsterinsights_skip_tracking":false,"_monsterinsights_sitenote_active":false,"_monsterinsights_sitenote_note":"","_monsterinsights_sitenote_category":0,"footnotes":""},"categories":[4],"tags":[],"class_list":["post-3002","post","type-post","status-publish","format-standard","hentry","category-articulo"],"_links":{"self":[{"href":"https:\/\/lasilusiones.com.ar\/blog\/wp-json\/wp\/v2\/posts\/3002","targetHints":{"allow":["GET"]}}],"collection":[{"href":"https:\/\/lasilusiones.com.ar\/blog\/wp-json\/wp\/v2\/posts"}],"about":[{"href":"https:\/\/lasilusiones.com.ar\/blog\/wp-json\/wp\/v2\/types\/post"}],"author":[{"embeddable":true,"href":"https:\/\/lasilusiones.com.ar\/blog\/wp-json\/wp\/v2\/users\/2"}],"replies":[{"embeddable":true,"href":"https:\/\/lasilusiones.com.ar\/blog\/wp-json\/wp\/v2\/comments?post=3002"}],"version-history":[{"count":3,"href":"https:\/\/lasilusiones.com.ar\/blog\/wp-json\/wp\/v2\/posts\/3002\/revisions"}],"predecessor-version":[{"id":3007,"href":"https:\/\/lasilusiones.com.ar\/blog\/wp-json\/wp\/v2\/posts\/3002\/revisions\/3007"}],"wp:attachment":[{"href":"https:\/\/lasilusiones.com.ar\/blog\/wp-json\/wp\/v2\/media?parent=3002"}],"wp:term":[{"taxonomy":"category","embeddable":true,"href":"https:\/\/lasilusiones.com.ar\/blog\/wp-json\/wp\/v2\/categories?post=3002"},{"taxonomy":"post_tag","embeddable":true,"href":"https:\/\/lasilusiones.com.ar\/blog\/wp-json\/wp\/v2\/tags?post=3002"}],"curies":[{"name":"wp","href":"https:\/\/api.w.org\/{rel}","templated":true}]}}