{"id":307,"date":"2019-10-26T13:16:25","date_gmt":"2019-10-26T16:16:25","guid":{"rendered":"https:\/\/lasilusiones.com.ar\/blog\/?p=307"},"modified":"2019-10-26T13:16:25","modified_gmt":"2019-10-26T16:16:25","slug":"el-voto-y-la-discapacidad-un-derecho-adquirido","status":"publish","type":"post","link":"https:\/\/lasilusiones.com.ar\/blog\/el-voto-y-la-discapacidad-un-derecho-adquirido\/","title":{"rendered":"El voto y la discapacidad: Un derecho adquirido"},"content":{"rendered":"<p><strong><em>Por Juan Ignacio Acosta<\/em><\/strong><\/p>\n<p>El pr\u00f3ximo domingo 27 de octubre se celebran los comicios nacionales para la elecci\u00f3n de presidente, vicepresidente, gobernador, vicegobernador y legisladores. Es la fecha en la que la poblaci\u00f3n argentina se dirime por un proyecto pol\u00edtico nacional.<\/p>\n<p>El padr\u00f3n registra un total de 32.621.816 electores. A\u00fan siendo minor\u00eda, las personas con discapacidad conforman el 13% de la poblaci\u00f3n argentina, lo que significa que cerca de 4.000.000 de ciudadanos est\u00e1n en condiciones de votar.<\/p>\n<p>Esta acci\u00f3n es obligatoria y es tambi\u00e9n un derecho. Pero \u00bfqu\u00e9 pasa con las personas con discapacidad? \u00bfPueden votar? \u00bfPueden hacerlo s\u00f3los o deben estar en compa\u00f1\u00eda?<\/p>\n<p>La Convenci\u00f3n sobre los Derechos de las Personas con Discapacidad (Ley N\u00ba 26.378) establece que \u201clos Estados Partes garantizar\u00e1n a las personas con discapacidad los derechos pol\u00edticos y la posibilidad de gozar de ellos en igualdad de condiciones con las dem\u00e1s y se comprometer\u00e1n a asegurar que las personas con discapacidad puedan participar plena y efectivamente de la vida pol\u00edtica y p\u00fablica\u201d.<\/p>\n<p>Esta es una instancia en la que las demandas del colectivo de personas con discapacidad pueden ser o\u00eddas. Es la posibilidad de brindar una opini\u00f3n clara y contundente respecto de los candidatos posibles y sus pol\u00edticas p\u00fablicas para este sector. Por ello es imprescindible garantizar las condiciones en las que puedan emitir su voto.<\/p>\n<p>No es s\u00f3lo el estado el que debe asegurar que dichas circunstancias est\u00e9n dadas sino que tambi\u00e9n es importante que cada familiar cercano a estas personas, pueda acompa\u00f1ar la elecci\u00f3n de los candidatos, ayudarlos a que conozcan las listas y la manera de proceder a la hora de tener una boleta en la mano.<\/p>\n<p><img loading=\"lazy\" decoding=\"async\" class=\" wp-image-299 aligncenter\" src=\"https:\/\/lasilusiones.com.ar\/blog\/wp-content\/uploads\/2019\/10\/cabecera-2-1-300x132.jpg\" alt=\"\" width=\"400\" height=\"176\" \/><\/p>\n<p>Los ciudadanos no videntes pueden ser asistidos dentro del cuarto oscuro para conocer la ubicaci\u00f3n de las distintas boletas hasta el momento de que pueda practicar a solas su elecci\u00f3n. Lo m\u00e1s recomendable es que se acerquen al personal de seguridad o autoridad de los comicios y explicarle con claridad la necesidad.<\/p>\n<p>En el caso de las personas con discapacidad motriz es preciso garantizar la accesibilidad y facilitar la libre circulaci\u00f3n sin obst\u00e1culos mediante.<\/p>\n<p>Como individuos somos singulares y no todas las personas necesitamos lo mismo. Es importante, desde este punto de vista, comprender que el aporte que se le realiza a las personas con discapacidad debe ser individual en virtud del potencial personal de cada uno.\u00a0 Siguiendo este criterio, en el caso de aquellas que tiene alguna discapacidad intelectual o mental, es imperioso que los tutores, familiares o acompa\u00f1antes les provean informaci\u00f3n con anterioridad a los comicios para conocer las listas y los candidatos de las elecciones, escucharlos para que puedan definir a qui\u00e9n desean votar y ah\u00ed decirles cu\u00e1l es el n\u00famero de la lista, color y explicarles como es el proceso de votaci\u00f3n, y corte de boleta si existiese.<\/p>\n<p>Para hacer de esta sociedad una m\u00e1s inclusiva, es necesario que utilicemos nuestro derecho y hagamos valerlo; que el entorno de las personas con discapacidad pueda acompa\u00f1ar y asegurarse que puedan ejercerlo sin ning\u00fan impedimento, porque es obligaci\u00f3n de todos defender el derecho que cada uno tiene como persona.<\/p>\n<p>&nbsp;<\/p>\n","protected":false},"excerpt":{"rendered":"<p>Por Juan Ignacio Acosta El pr\u00f3ximo domingo 27 de octubre se celebran los comicios nacionales para la elecci\u00f3n de presidente, vicepresidente, gobernador, vicegobernador y legisladores.&hellip;<\/p>\n","protected":false},"author":1,"featured_media":0,"comment_status":"open","ping_status":"open","sticky":false,"template":"","format":"standard","meta":{"_monsterinsights_skip_tracking":false,"_monsterinsights_sitenote_active":false,"_monsterinsights_sitenote_note":"","_monsterinsights_sitenote_category":0,"footnotes":""},"categories":[4],"tags":[],"class_list":["post-307","post","type-post","status-publish","format-standard","hentry","category-articulo"],"_links":{"self":[{"href":"https:\/\/lasilusiones.com.ar\/blog\/wp-json\/wp\/v2\/posts\/307","targetHints":{"allow":["GET"]}}],"collection":[{"href":"https:\/\/lasilusiones.com.ar\/blog\/wp-json\/wp\/v2\/posts"}],"about":[{"href":"https:\/\/lasilusiones.com.ar\/blog\/wp-json\/wp\/v2\/types\/post"}],"author":[{"embeddable":true,"href":"https:\/\/lasilusiones.com.ar\/blog\/wp-json\/wp\/v2\/users\/1"}],"replies":[{"embeddable":true,"href":"https:\/\/lasilusiones.com.ar\/blog\/wp-json\/wp\/v2\/comments?post=307"}],"version-history":[{"count":0,"href":"https:\/\/lasilusiones.com.ar\/blog\/wp-json\/wp\/v2\/posts\/307\/revisions"}],"wp:attachment":[{"href":"https:\/\/lasilusiones.com.ar\/blog\/wp-json\/wp\/v2\/media?parent=307"}],"wp:term":[{"taxonomy":"category","embeddable":true,"href":"https:\/\/lasilusiones.com.ar\/blog\/wp-json\/wp\/v2\/categories?post=307"},{"taxonomy":"post_tag","embeddable":true,"href":"https:\/\/lasilusiones.com.ar\/blog\/wp-json\/wp\/v2\/tags?post=307"}],"curies":[{"name":"wp","href":"https:\/\/api.w.org\/{rel}","templated":true}]}}