{"id":340,"date":"2019-10-23T09:32:14","date_gmt":"2019-10-23T12:32:14","guid":{"rendered":"https:\/\/lasilusiones.com.ar\/blog\/?p=340"},"modified":"2019-10-23T09:32:14","modified_gmt":"2019-10-23T12:32:14","slug":"los-bonette-en-telefe-noticias","status":"publish","type":"post","link":"https:\/\/lasilusiones.com.ar\/blog\/los-bonette-en-telefe-noticias\/","title":{"rendered":"Los Bonette en Telefe Noticias"},"content":{"rendered":"<div class=\"small-12 xlarge-8 xlarge-offset-2 large-8 large-offset-2 columns\">\n<h1 class=\"e-post-title\">Una banda integrada por artistas con S\u00edndrome de Down, en el Ad\u00e1n Buenosayres<\/h1>\n<div class=\"e-post-subtitle\">En el mes de la concientizacion sobre el S\u00edndrome de Down, Los Bonette se presentan en el Espacio Cultural Ad\u00e1n Buenosayres.<\/div>\n<\/div>\n<div class=\"small-12 medium-12 large-6 columns \">\n<div class=\"e-post-text\">\n<p>En el\u00a0coraz\u00f3n del Parque Chacabuco, el\u00a0<strong>Espacio Cultural Ad\u00e1n Buenosayres<\/strong>, es el lugar de encuentro para disfrutar de la m\u00fasica de\u00a0<strong>la banda inclusiva Los Bonette, <\/strong>formada por j\u00f3venes artistas con S\u00edndrome de Down. <strong>Para seguir leyendo la nota click en el link<\/strong><\/p>\n<\/div>\n<\/div>\n<p>&nbsp;<\/p>\n<p><a href=\"https:\/\/telefenoticias.com.ar\/espectaculos\/una-banda-integrada-por-artistas-con-sindrome-de-down-en-el-adan-buenosayres\/\">https:\/\/telefenoticias.com.ar\/espectaculos\/una-banda-integrada-por-artistas-con-sindrome-de-down-en-el-adan-buenosayres\/<\/a><\/p>\n","protected":false},"excerpt":{"rendered":"<p>Una banda integrada por artistas con S\u00edndrome de Down, en el Ad\u00e1n Buenosayres En el mes de la concientizacion sobre el S\u00edndrome de Down, Los&hellip;<\/p>\n","protected":false},"author":1,"featured_media":341,"comment_status":"open","ping_status":"open","sticky":false,"template":"","format":"standard","meta":{"_monsterinsights_skip_tracking":false,"_monsterinsights_sitenote_active":false,"_monsterinsights_sitenote_note":"","_monsterinsights_sitenote_category":0,"footnotes":""},"categories":[8],"tags":[],"class_list":["post-340","post","type-post","status-publish","format-standard","has-post-thumbnail","hentry","category-prensa"],"_links":{"self":[{"href":"https:\/\/lasilusiones.com.ar\/blog\/wp-json\/wp\/v2\/posts\/340","targetHints":{"allow":["GET"]}}],"collection":[{"href":"https:\/\/lasilusiones.com.ar\/blog\/wp-json\/wp\/v2\/posts"}],"about":[{"href":"https:\/\/lasilusiones.com.ar\/blog\/wp-json\/wp\/v2\/types\/post"}],"author":[{"embeddable":true,"href":"https:\/\/lasilusiones.com.ar\/blog\/wp-json\/wp\/v2\/users\/1"}],"replies":[{"embeddable":true,"href":"https:\/\/lasilusiones.com.ar\/blog\/wp-json\/wp\/v2\/comments?post=340"}],"version-history":[{"count":0,"href":"https:\/\/lasilusiones.com.ar\/blog\/wp-json\/wp\/v2\/posts\/340\/revisions"}],"wp:featuredmedia":[{"embeddable":true,"href":"https:\/\/lasilusiones.com.ar\/blog\/wp-json\/"}],"wp:attachment":[{"href":"https:\/\/lasilusiones.com.ar\/blog\/wp-json\/wp\/v2\/media?parent=340"}],"wp:term":[{"taxonomy":"category","embeddable":true,"href":"https:\/\/lasilusiones.com.ar\/blog\/wp-json\/wp\/v2\/categories?post=340"},{"taxonomy":"post_tag","embeddable":true,"href":"https:\/\/lasilusiones.com.ar\/blog\/wp-json\/wp\/v2\/tags?post=340"}],"curies":[{"name":"wp","href":"https:\/\/api.w.org\/{rel}","templated":true}]}}