{"id":343,"date":"2019-12-02T09:36:28","date_gmt":"2019-12-02T12:36:28","guid":{"rendered":"https:\/\/lasilusiones.com.ar\/blog\/?p=343"},"modified":"2019-12-02T09:36:28","modified_gmt":"2019-12-02T12:36:28","slug":"chapeau-para-los-cientos-de-artistas-con-discapacidad-que-sorprenden-en-escena-telefe-noticias","status":"publish","type":"post","link":"https:\/\/lasilusiones.com.ar\/blog\/chapeau-para-los-cientos-de-artistas-con-discapacidad-que-sorprenden-en-escena-telefe-noticias\/","title":{"rendered":"\u00a1Chapeau! para los cientos de artistas con discapacidad que sorprenden en escena | Telefe Noticias"},"content":{"rendered":"<div class=\"small-12 xlarge-8 xlarge-offset-2 large-8 large-offset-2 columns\">\n<h1 class=\"e-post-title\">\u00a1Chapeau! para los cientos de artistas con discapacidad que sorprenden en escena<\/h1>\n<div class=\"e-post-subtitle\">En v\u00edsperas del D\u00eda Internacional de las Personas con Discapacidad, homenajeamos a las 450 personas que componen la compa\u00f1\u00eda teatral Las Ilusiones, que tienen programados cerca de 30 espect\u00e1culos antes de que termine el a\u00f1o.<\/div>\n<\/div>\n<div class=\"small-12 medium-12 large-6 columns \">\n<div class=\"e-post-text\">\n<p>Seg\u00fan datos del INDEC,\u00a0<strong>en Argentina el 10,2% de la poblaci\u00f3n sufre alg\u00fan tipo de discapacidad<\/strong>, y solo un 32% en edad laboral logra acceder a un empleo. La tasa es menor a\u00fan si las personas con discapacidad tienen vocaci\u00f3n art\u00edstica y pretenden subirse alg\u00fan d\u00eda a un escenario. <strong>Para seguir leyendo la nota click en el link<\/strong><\/p>\n<\/div>\n<\/div>\n<p>&nbsp;<\/p>\n<p><a href=\"https:\/\/telefenoticias.com.ar\/espectaculos\/chapeau-para-los-cientos-de-artistas-con-discapacidad-que-sorprenden-en-escena\/\">https:\/\/telefenoticias.com.ar\/espectaculos\/chapeau-para-los-cientos-de-artistas-con-discapacidad-que-sorprenden-en-escena\/<\/a><\/p>\n","protected":false},"excerpt":{"rendered":"<p>\u00a1Chapeau! para los cientos de artistas con discapacidad que sorprenden en escena En v\u00edsperas del D\u00eda Internacional de las Personas con Discapacidad, homenajeamos a las&hellip;<\/p>\n","protected":false},"author":1,"featured_media":345,"comment_status":"open","ping_status":"open","sticky":false,"template":"","format":"standard","meta":{"_monsterinsights_skip_tracking":false,"_monsterinsights_sitenote_active":false,"_monsterinsights_sitenote_note":"","_monsterinsights_sitenote_category":0,"footnotes":""},"categories":[8],"tags":[],"class_list":["post-343","post","type-post","status-publish","format-standard","has-post-thumbnail","hentry","category-prensa"],"_links":{"self":[{"href":"https:\/\/lasilusiones.com.ar\/blog\/wp-json\/wp\/v2\/posts\/343","targetHints":{"allow":["GET"]}}],"collection":[{"href":"https:\/\/lasilusiones.com.ar\/blog\/wp-json\/wp\/v2\/posts"}],"about":[{"href":"https:\/\/lasilusiones.com.ar\/blog\/wp-json\/wp\/v2\/types\/post"}],"author":[{"embeddable":true,"href":"https:\/\/lasilusiones.com.ar\/blog\/wp-json\/wp\/v2\/users\/1"}],"replies":[{"embeddable":true,"href":"https:\/\/lasilusiones.com.ar\/blog\/wp-json\/wp\/v2\/comments?post=343"}],"version-history":[{"count":0,"href":"https:\/\/lasilusiones.com.ar\/blog\/wp-json\/wp\/v2\/posts\/343\/revisions"}],"wp:featuredmedia":[{"embeddable":true,"href":"https:\/\/lasilusiones.com.ar\/blog\/wp-json\/"}],"wp:attachment":[{"href":"https:\/\/lasilusiones.com.ar\/blog\/wp-json\/wp\/v2\/media?parent=343"}],"wp:term":[{"taxonomy":"category","embeddable":true,"href":"https:\/\/lasilusiones.com.ar\/blog\/wp-json\/wp\/v2\/categories?post=343"},{"taxonomy":"post_tag","embeddable":true,"href":"https:\/\/lasilusiones.com.ar\/blog\/wp-json\/wp\/v2\/tags?post=343"}],"curies":[{"name":"wp","href":"https:\/\/api.w.org\/{rel}","templated":true}]}}