{"id":422,"date":"2020-05-08T14:40:55","date_gmt":"2020-05-08T17:40:55","guid":{"rendered":"https:\/\/lasilusiones.com.ar\/blog\/?p=422"},"modified":"2020-05-08T14:40:55","modified_gmt":"2020-05-08T17:40:55","slug":"discapacidad-intelectual-arte-y-tecnologia-un-nuevo-desafio-en-cuarentena","status":"publish","type":"post","link":"https:\/\/lasilusiones.com.ar\/blog\/discapacidad-intelectual-arte-y-tecnologia-un-nuevo-desafio-en-cuarentena\/","title":{"rendered":"Discapacidad intelectual, arte y tecnolog\u00eda: un nuevo desaf\u00edo en cuarentena"},"content":{"rendered":"<p><em>Por Juan Ignacio Acosta<\/em><\/p>\n<p><span style=\"font-weight: 400;\">La pandemia instal\u00f3 transformaciones sociales. Los casi 50 d\u00edas de aislamiento y cuarentena se han vuelto dificultosos para muchas personas.<\/span><span style=\"font-weight: 400;\"> La ansiedad, incertidumbre, miedo y angustia que conlleva este proceso se volvi\u00f3 algo cotidiano. Existe la tendencia a creer que las personas con discapacidad intelectual comprenden menos la realidad que aquellas que no la tienen, que no pueden entender el concepto (la idea abstracta) de lo que es un virus; pero es incorrecto. El aislamiento y el encierro son situaciones concretas, y tangibles.<\/span><\/p>\n<p><span style=\"font-weight: 400;\">Las personas con discapacidad intelectual tambi\u00e9n atraviesan preocupaciones, frustraciones, inquietudes y experimentan un sinf\u00edn de emociones que se vuelven necesarias encauzar positivamente. La realidad no les es ajena.<\/span><\/p>\n<p><span style=\"font-weight: 400;\">Es cierto que en algunos casos los ni\u00f1os, j\u00f3venes e inclusive adultos con discapacidad intelectual (personas con S\u00edndrome de Down, retrasos madurativos o mentales, entre otros) pueden carecer de la iniciativa, autonom\u00eda o habilidad para generar relaciones sociales fuera de los espacios habituales. Los grupos de pares son presenciales y hoy eso no es posible, por lo tanto fortalecer grupos de inter\u00e9s, amistades o afinidades puede ser una tarea dif\u00edcil.\u00a0<\/span><\/p>\n<p><span style=\"font-weight: 400;\">A esto se le suma una problem\u00e1tica: Los colegios, centros terap\u00e9uticos y profesionales de la salud se han encargado de \u201cllenarlos\u201d de tareas, y los n\u00facleos familiares, que asisten a esas personas se ven sobrepasados. Entonces, lo que antes era una actividad m\u00e1s que sumaba a las del resto del d\u00eda, actualmente se transform\u00f3 en una preocupaci\u00f3n por estar al d\u00eda con la demanda de las distintas instituciones.<\/span><\/p>\n<p><img loading=\"lazy\" decoding=\"async\" class=\"wp-image-423 aligncenter\" src=\"https:\/\/lasilusiones.com.ar\/blog\/wp-content\/uploads\/2020\/05\/44-300x200.jpg\" alt=\"\" width=\"293\" height=\"196\" \/><\/p>\n<p><span style=\"font-weight: 400;\">Todas estas situaciones pueden exacerbar diversos sentimientos, es por ello que las personas con discapacidad intelectual necesitan espacios de ocio y recreaci\u00f3n. El arte es una posibilidad para encauzar positivamente sus <\/span><span style=\"font-weight: 400;\">emociones<\/span><span style=\"font-weight: 400;\">. Como dice Alejandro Dolina, \u201cel arte y el amor son las pocas posibilidades de encuentro que el universo presenta\u201d. Por lo tanto, una buena alternativa para ellos es participar de actividades art\u00edsticas que logran vincularlos con otros fomentando la integraci\u00f3n y exploraci\u00f3n del mundo interno. El arte habilita el camino hacia nuestro interior, es un modo de encontrarse con la \u201cvoz silenciada\u201d y permite darle forma verbal, gestual o corporal a aquello que no es tan f\u00e1cil de comunicar.\u00a0<\/span><\/p>\n<p><span style=\"font-weight: 400;\">Si bien la tecnolog\u00eda no suple la experiencia del encuentro presencial, es una herramienta v\u00e1lida para paliar esta falta. En este sentido, la Compa\u00f1\u00eda de arte inclusivo Las Ilusiones ofrece clases art\u00edsticas gratuitas a distancia &#8211; se pueden ver en Youtube &#8211; para personas con discapacidad intelectual, con el fin de ayudarlas a sublimar esas sensaciones y emociones expres\u00e1ndolas art\u00edsticamente de una manera l\u00fadica y guiada.\u00a0<\/span><\/p>\n<p><span style=\"font-weight: 400;\">La tecnolog\u00eda brinda una herramienta muy importante de comunicaci\u00f3n y es imprescindible incluir a este colectivo social dentro de estas formas de encuentro.<\/span><\/p>\n<p>Podes acceder a las clases gratuitas en este link<\/p>\n<p><iframe loading=\"lazy\" title=\"CLASES ONLINE\" width=\"525\" height=\"295\" src=\"https:\/\/www.youtube.com\/embed\/videoseries?list=PLYoIZbvWmb6hHpur-bpiBCpVOOUu4tzQD\" frameborder=\"0\" allow=\"accelerometer; autoplay; clipboard-write; encrypted-media; gyroscope; picture-in-picture; web-share\" referrerpolicy=\"strict-origin-when-cross-origin\" allowfullscreen><\/iframe><\/p>\n","protected":false},"excerpt":{"rendered":"<p>Por Juan Ignacio Acosta La pandemia instal\u00f3 transformaciones sociales. Los casi 50 d\u00edas de aislamiento y cuarentena se han vuelto dificultosos para muchas personas. La&hellip;<\/p>\n","protected":false},"author":1,"featured_media":424,"comment_status":"open","ping_status":"open","sticky":false,"template":"","format":"standard","meta":{"_monsterinsights_skip_tracking":false,"_monsterinsights_sitenote_active":false,"_monsterinsights_sitenote_note":"","_monsterinsights_sitenote_category":0,"footnotes":""},"categories":[4],"tags":[],"class_list":["post-422","post","type-post","status-publish","format-standard","has-post-thumbnail","hentry","category-articulo"],"_links":{"self":[{"href":"https:\/\/lasilusiones.com.ar\/blog\/wp-json\/wp\/v2\/posts\/422","targetHints":{"allow":["GET"]}}],"collection":[{"href":"https:\/\/lasilusiones.com.ar\/blog\/wp-json\/wp\/v2\/posts"}],"about":[{"href":"https:\/\/lasilusiones.com.ar\/blog\/wp-json\/wp\/v2\/types\/post"}],"author":[{"embeddable":true,"href":"https:\/\/lasilusiones.com.ar\/blog\/wp-json\/wp\/v2\/users\/1"}],"replies":[{"embeddable":true,"href":"https:\/\/lasilusiones.com.ar\/blog\/wp-json\/wp\/v2\/comments?post=422"}],"version-history":[{"count":0,"href":"https:\/\/lasilusiones.com.ar\/blog\/wp-json\/wp\/v2\/posts\/422\/revisions"}],"wp:featuredmedia":[{"embeddable":true,"href":"https:\/\/lasilusiones.com.ar\/blog\/wp-json\/"}],"wp:attachment":[{"href":"https:\/\/lasilusiones.com.ar\/blog\/wp-json\/wp\/v2\/media?parent=422"}],"wp:term":[{"taxonomy":"category","embeddable":true,"href":"https:\/\/lasilusiones.com.ar\/blog\/wp-json\/wp\/v2\/categories?post=422"},{"taxonomy":"post_tag","embeddable":true,"href":"https:\/\/lasilusiones.com.ar\/blog\/wp-json\/wp\/v2\/tags?post=422"}],"curies":[{"name":"wp","href":"https:\/\/api.w.org\/{rel}","templated":true}]}}