{"id":465,"date":"2020-05-25T10:23:23","date_gmt":"2020-05-25T13:23:23","guid":{"rendered":"https:\/\/lasilusiones.com.ar\/blog\/?p=465"},"modified":"2020-05-25T10:23:23","modified_gmt":"2020-05-25T13:23:23","slug":"las-ilusiones-en-noticia-en-cnn-en-espanol-para-todo-latinoamerica","status":"publish","type":"post","link":"https:\/\/lasilusiones.com.ar\/blog\/las-ilusiones-en-noticia-en-cnn-en-espanol-para-todo-latinoamerica\/","title":{"rendered":"Las Ilusiones en noticia en CNN en Espa\u00f1ol para todo latinoam\u00e9rica"},"content":{"rendered":"\n<p>Nuestro Director General, Juan Ignacio Acosta, fue entrevistado por CNN en Espa\u00f1ol para latinoam\u00e9rica a prop\u00f3sito del ciclo de teatro inclusivo online.<\/p>\n\n\n\n<figure class=\"wp-block-image\"><img decoding=\"async\" src=\"https:\/\/lasilusiones.com.ar\/blog\/wp-content\/uploads\/2020\/05\/Foto-nota-en-portal-CNN-en-espa\u00f1ol-1024x761.jpg\" alt=\"\" class=\"wp-image-468\"\/><\/figure>\n\n\n\n<p>El ciclo que se instal\u00f3 como un cl\u00e1sico de la Compa\u00f1\u00eda no pudo ser estrenado debido a la pandemia, por ello los directivos Juan Ignacio Acosta y Cinthia \u00c1vila decidieron armar una cartelera online gratuita con distintas producciones de la compa\u00f1\u00eda para que grandes y chicos puedan disfrutar de ese contenido a solo un click de distancia.<\/p>\n\n\n\n<p>Cada s\u00e1bado a las 20hs, la compa\u00f1\u00eda sube a su p\u00e1gina de facebook el link de acceso libre a la obra. El ciclo contin\u00faa hasta el 6 de junio.<\/p>\n\n\n\n<p>Para saber m\u00e1s entr\u00e1 a la nota de CNN en Espa\u00f1ol en el siguiente t\u00edtulo:<\/p>\n\n\n\n<figure class=\"wp-block-embed is-type-link is-provider-cnn\"><div class=\"wp-block-embed__wrapper\">\nhttps:\/\/cnnespanol.cnn.com\/video\/teatro-virtual-youtube-inclusivo-argentina-las-ilusiones-funciones-confinamiento-pkg-perspectivas-buenos-aires-hugo-correa\/\n<\/div><\/figure>\n\n\n\n<p><strong>IMPORTANTE: la nota completa podes volverla a ver el pr\u00f3ximo S\u00e1bado 30 de mayo en CNN en espa\u00f1ol en el programa &#8220;Vive Salud&#8221; que tiene doble transmici\u00f3n: a las 4:30hs y a las 20.30hs (Horario Argentina).<\/strong><\/p>\n","protected":false},"excerpt":{"rendered":"<p>Nuestro Director General, Juan Ignacio Acosta, fue entrevistado por CNN en Espa\u00f1ol para latinoam\u00e9rica a prop\u00f3sito del ciclo de teatro inclusivo online. El ciclo que&hellip;<\/p>\n","protected":false},"author":1,"featured_media":466,"comment_status":"open","ping_status":"open","sticky":false,"template":"","format":"standard","meta":{"_monsterinsights_skip_tracking":false,"_monsterinsights_sitenote_active":false,"_monsterinsights_sitenote_note":"","_monsterinsights_sitenote_category":0,"footnotes":""},"categories":[8],"tags":[],"class_list":["post-465","post","type-post","status-publish","format-standard","has-post-thumbnail","hentry","category-prensa"],"_links":{"self":[{"href":"https:\/\/lasilusiones.com.ar\/blog\/wp-json\/wp\/v2\/posts\/465","targetHints":{"allow":["GET"]}}],"collection":[{"href":"https:\/\/lasilusiones.com.ar\/blog\/wp-json\/wp\/v2\/posts"}],"about":[{"href":"https:\/\/lasilusiones.com.ar\/blog\/wp-json\/wp\/v2\/types\/post"}],"author":[{"embeddable":true,"href":"https:\/\/lasilusiones.com.ar\/blog\/wp-json\/wp\/v2\/users\/1"}],"replies":[{"embeddable":true,"href":"https:\/\/lasilusiones.com.ar\/blog\/wp-json\/wp\/v2\/comments?post=465"}],"version-history":[{"count":0,"href":"https:\/\/lasilusiones.com.ar\/blog\/wp-json\/wp\/v2\/posts\/465\/revisions"}],"wp:featuredmedia":[{"embeddable":true,"href":"https:\/\/lasilusiones.com.ar\/blog\/wp-json\/"}],"wp:attachment":[{"href":"https:\/\/lasilusiones.com.ar\/blog\/wp-json\/wp\/v2\/media?parent=465"}],"wp:term":[{"taxonomy":"category","embeddable":true,"href":"https:\/\/lasilusiones.com.ar\/blog\/wp-json\/wp\/v2\/categories?post=465"},{"taxonomy":"post_tag","embeddable":true,"href":"https:\/\/lasilusiones.com.ar\/blog\/wp-json\/wp\/v2\/tags?post=465"}],"curies":[{"name":"wp","href":"https:\/\/api.w.org\/{rel}","templated":true}]}}