{"id":508,"date":"2020-06-05T16:21:08","date_gmt":"2020-06-05T19:21:08","guid":{"rendered":"https:\/\/lasilusiones.com.ar\/blog\/?p=508"},"modified":"2020-06-05T16:21:08","modified_gmt":"2020-06-05T19:21:08","slug":"generar-inclusion-a-traves-del-arte-radio-megafon-universidad-de-lanus","status":"publish","type":"post","link":"https:\/\/lasilusiones.com.ar\/blog\/generar-inclusion-a-traves-del-arte-radio-megafon-universidad-de-lanus\/","title":{"rendered":"Generar inclusi\u00f3n a trav\u00e9s del arte | Radio Megaf\u00f3n Universidad de Lan\u00fas"},"content":{"rendered":"\n<p>La Radio de la Universidad de Lan\u00fas se comunic\u00f3 telef\u00f3nicamente con el Director General, Juan Ignacio Acosta, quien brind\u00f3 una entrevista contando los detalles acerca del ciclo on line de arte inclusivo en donde artistas con y sin discapacidad intelectual muestran su arte.<\/p>\n\n\n\n<p>Toda la entrevista pod\u00e9s escucharla en el siguiente link<\/p>\n\n\n\n<p><a href=\"http:\/\/megafonunla.com.ar\/notas\/2020-06-05_generar-inclusion-a-traves-del-arte\">http:\/\/megafonunla.com.ar\/notas\/2020-06-05_generar-inclusion-a-traves-del-arte<\/a><\/p>\n\n\n\n<figure class=\"wp-block-image\"><img decoding=\"async\" src=\"https:\/\/lasilusiones.com.ar\/blog\/wp-content\/uploads\/2020\/06\/Filmacion-del-video-clip.jpg\" alt=\"\" class=\"wp-image-512\"\/><\/figure>\n","protected":false},"excerpt":{"rendered":"<p>La Radio de la Universidad de Lan\u00fas se comunic\u00f3 telef\u00f3nicamente con el Director General, Juan Ignacio Acosta, quien brind\u00f3 una entrevista contando los detalles acerca&hellip;<\/p>\n","protected":false},"author":1,"featured_media":510,"comment_status":"open","ping_status":"open","sticky":false,"template":"","format":"standard","meta":{"_monsterinsights_skip_tracking":false,"_monsterinsights_sitenote_active":false,"_monsterinsights_sitenote_note":"","_monsterinsights_sitenote_category":0,"footnotes":""},"categories":[8],"tags":[],"class_list":["post-508","post","type-post","status-publish","format-standard","has-post-thumbnail","hentry","category-prensa"],"_links":{"self":[{"href":"https:\/\/lasilusiones.com.ar\/blog\/wp-json\/wp\/v2\/posts\/508","targetHints":{"allow":["GET"]}}],"collection":[{"href":"https:\/\/lasilusiones.com.ar\/blog\/wp-json\/wp\/v2\/posts"}],"about":[{"href":"https:\/\/lasilusiones.com.ar\/blog\/wp-json\/wp\/v2\/types\/post"}],"author":[{"embeddable":true,"href":"https:\/\/lasilusiones.com.ar\/blog\/wp-json\/wp\/v2\/users\/1"}],"replies":[{"embeddable":true,"href":"https:\/\/lasilusiones.com.ar\/blog\/wp-json\/wp\/v2\/comments?post=508"}],"version-history":[{"count":0,"href":"https:\/\/lasilusiones.com.ar\/blog\/wp-json\/wp\/v2\/posts\/508\/revisions"}],"wp:featuredmedia":[{"embeddable":true,"href":"https:\/\/lasilusiones.com.ar\/blog\/wp-json\/"}],"wp:attachment":[{"href":"https:\/\/lasilusiones.com.ar\/blog\/wp-json\/wp\/v2\/media?parent=508"}],"wp:term":[{"taxonomy":"category","embeddable":true,"href":"https:\/\/lasilusiones.com.ar\/blog\/wp-json\/wp\/v2\/categories?post=508"},{"taxonomy":"post_tag","embeddable":true,"href":"https:\/\/lasilusiones.com.ar\/blog\/wp-json\/wp\/v2\/tags?post=508"}],"curies":[{"name":"wp","href":"https:\/\/api.w.org\/{rel}","templated":true}]}}