{"id":521,"date":"2020-06-13T16:51:14","date_gmt":"2020-06-13T19:51:14","guid":{"rendered":"https:\/\/lasilusiones.com.ar\/blog\/?p=521"},"modified":"2020-06-13T16:51:14","modified_gmt":"2020-06-13T19:51:14","slug":"entrevista-a-juan-ignacio-acosta-en-desde-la-vida-tv-publica-argentina","status":"publish","type":"post","link":"https:\/\/lasilusiones.com.ar\/blog\/entrevista-a-juan-ignacio-acosta-en-desde-la-vida-tv-publica-argentina\/","title":{"rendered":"Entrevista a Juan Ignacio Acosta en Desde la Vida | TV Publica Argentina"},"content":{"rendered":"\n<p>El Director General de la Compa\u00f1\u00eda fue entrevistado por Fena en su programa &#8220;Desde la vida&#8221; de la Tv p\u00fablica acerca de la cartelera virtual gratuita pensada para las personas con discapacidad intelectual. Recordemos que esta iniciativa surge a partir de la imposibilidad de realizar el legendario ciclo de teatro inclusivo (presencial) que Las Ilusiones ya hab\u00eda instalado como sello personal. Esta actividad intenta visibilizar el trabajo de los artistas y acercar alegr\u00eda y entretenimiento en momentos de encierro.<\/p>\n\n\n\n<p> Toda la nota la podes ver haciendo click aqu\u00ed debajo<\/p>\n\n\n\n<figure class=\"wp-block-embed-youtube wp-block-embed is-type-video is-provider-youtube wp-embed-aspect-16-9 wp-has-aspect-ratio\"><div class=\"wp-block-embed__wrapper\">\nhttps:\/\/youtu.be\/x_fnwEWHVdI\n<\/div><\/figure>\n","protected":false},"excerpt":{"rendered":"<p>El Director General de la Compa\u00f1\u00eda fue entrevistado por Fena en su programa &#8220;Desde la vida&#8221; de la Tv p\u00fablica acerca de la cartelera virtual&hellip;<\/p>\n","protected":false},"author":1,"featured_media":522,"comment_status":"open","ping_status":"open","sticky":false,"template":"","format":"standard","meta":{"_monsterinsights_skip_tracking":false,"_monsterinsights_sitenote_active":false,"_monsterinsights_sitenote_note":"","_monsterinsights_sitenote_category":0,"footnotes":""},"categories":[8],"tags":[],"class_list":["post-521","post","type-post","status-publish","format-standard","has-post-thumbnail","hentry","category-prensa"],"_links":{"self":[{"href":"https:\/\/lasilusiones.com.ar\/blog\/wp-json\/wp\/v2\/posts\/521","targetHints":{"allow":["GET"]}}],"collection":[{"href":"https:\/\/lasilusiones.com.ar\/blog\/wp-json\/wp\/v2\/posts"}],"about":[{"href":"https:\/\/lasilusiones.com.ar\/blog\/wp-json\/wp\/v2\/types\/post"}],"author":[{"embeddable":true,"href":"https:\/\/lasilusiones.com.ar\/blog\/wp-json\/wp\/v2\/users\/1"}],"replies":[{"embeddable":true,"href":"https:\/\/lasilusiones.com.ar\/blog\/wp-json\/wp\/v2\/comments?post=521"}],"version-history":[{"count":0,"href":"https:\/\/lasilusiones.com.ar\/blog\/wp-json\/wp\/v2\/posts\/521\/revisions"}],"wp:featuredmedia":[{"embeddable":true,"href":"https:\/\/lasilusiones.com.ar\/blog\/wp-json\/"}],"wp:attachment":[{"href":"https:\/\/lasilusiones.com.ar\/blog\/wp-json\/wp\/v2\/media?parent=521"}],"wp:term":[{"taxonomy":"category","embeddable":true,"href":"https:\/\/lasilusiones.com.ar\/blog\/wp-json\/wp\/v2\/categories?post=521"},{"taxonomy":"post_tag","embeddable":true,"href":"https:\/\/lasilusiones.com.ar\/blog\/wp-json\/wp\/v2\/tags?post=521"}],"curies":[{"name":"wp","href":"https:\/\/api.w.org\/{rel}","templated":true}]}}