{"id":539,"date":"2020-06-24T14:19:34","date_gmt":"2020-06-24T17:19:34","guid":{"rendered":"https:\/\/lasilusiones.com.ar\/blog\/?p=539"},"modified":"2020-06-24T14:19:34","modified_gmt":"2020-06-24T17:19:34","slug":"teatro-inclusivo-online-2","status":"publish","type":"post","link":"https:\/\/lasilusiones.com.ar\/blog\/teatro-inclusivo-online-2\/","title":{"rendered":"Teatro Inclusivo online"},"content":{"rendered":"\n<p><strong><em>La\nCompa\u00f1\u00eda de arte inclusiva Las Ilusiones program\u00f3 un ciclo on line destinado a\npersonas con discapacidad intelectual.&nbsp;A s\u00f3lo un click de distancia.<\/em><\/strong><\/p>\n\n\n\n<p>El habitual ciclo que la Compa\u00f1\u00eda realizaba\nen teatros de Buenos Aires cada a\u00f1o,&nbsp;y que se convirti\u00f3 en un sello\ndistintivo, tom\u00f3 forma digital. Las Ilusiones transmite cada s\u00e1bado&nbsp;una\nobra distinta de su gran producci\u00f3n teatral. El link de acceso es publicado a\nlas 20hs a trav\u00e9s de la fanpage de Facebook y quedar\u00e1 visible por 24hs.<\/p>\n\n\n\n<p>La cartelera online, que inici\u00f3 el s\u00e1bado 9\nde mayo y se extiende hasta el 25 de julio, propone una variada oferta de\ncomedias musicales, m\u00fasica y baile con espect\u00e1culos que son para toda la\nfamilia.<\/p>\n\n\n\n<p>\u201c<em>La Compa\u00f1\u00eda organiza ciclos teatrales todos los a\u00f1os,\nfrente a esta situaci\u00f3n de cuarentena decidimos adaptarnos y armar una\ncartelera on line inclusiva&nbsp;pensada&nbsp;para personas con discapacidad\nintelectual, y para toda la comunidad, tratando de acercarles un poco de\nalegr\u00eda y entretenimiento en estos momentos de encierro. Adem\u00e1s, nos propusimos\ngarantizarles el acceso a la cultura, por eso el ciclo es abierto y totalmente\ngratuito<\/em>\u201d, asegura Juan Ignacio Acosta,\nDirector General de la Compa\u00f1\u00eda.<\/p>\n\n\n\n<p><strong>Cartelera<\/strong><\/p>\n\n\n\n<p><strong>&#8220;Los Hermanos Montesco&#8221; \u2013 s\u00e1bado 20\/6\u2013 20hs \/ Funci\u00f3n Emitida<\/strong><\/p>\n\n\n\n<p><strong>&#8220;Anastasia&#8221; \u2013 s\u00e1bado 27\/6\u2013 20hs<\/strong><\/p>\n\n\n\n<p><strong>&#8220;Escuela de Rock&#8221; \u2013 s\u00e1bado 4\/7\u2013\n20hs<\/strong><strong><\/strong><\/p>\n\n\n\n<p><strong>&#8220;OR\u00cdGENES&#8221; \u2013 s\u00e1bado 11\/7&nbsp;\u2013\n20hs<\/strong><\/p>\n\n\n\n<p><strong>&#8220;SABORES&#8221; \u2013 s\u00e1bado 18\/7\u2013 20hs<\/strong><\/p>\n\n\n\n<p><strong>Inspiracci\u00f3n\u2013 s\u00e1bado 25\/7\u2013 20hs<\/strong><\/p>\n\n\n\n<p>Facebook:\u00a0<a href=\"https:\/\/www.facebook.com\/LasIlusionesDeAlicia\/\">Las Ilusiones \u2013 Compa\u00f1\u00eda de arte inclusiva<\/a>\u00a0o haciendo click en\u00a0<a href=\"https:\/\/www.facebook.com\/LasIlusionesDeAlicia\/\">https:\/\/www.facebook.com\/LasIlusionesDeAlicia\/<\/a><\/p>\n\n\n\n<figure class=\"wp-block-image\"><img decoding=\"async\" src=\"https:\/\/lasilusiones.com.ar\/blog\/wp-content\/uploads\/2020\/06\/20200609_130433_0000-732x1024.png\" alt=\"\" class=\"wp-image-536\"\/><\/figure>\n","protected":false},"excerpt":{"rendered":"<p>La Compa\u00f1\u00eda de arte inclusiva Las Ilusiones program\u00f3 un ciclo on line destinado a personas con discapacidad intelectual.&nbsp;A s\u00f3lo un click de distancia. El habitual&hellip;<\/p>\n","protected":false},"author":1,"featured_media":537,"comment_status":"open","ping_status":"open","sticky":false,"template":"","format":"standard","meta":{"_monsterinsights_skip_tracking":false,"_monsterinsights_sitenote_active":false,"_monsterinsights_sitenote_note":"","_monsterinsights_sitenote_category":0,"footnotes":""},"categories":[4,8],"tags":[],"class_list":["post-539","post","type-post","status-publish","format-standard","has-post-thumbnail","hentry","category-articulo","category-prensa"],"_links":{"self":[{"href":"https:\/\/lasilusiones.com.ar\/blog\/wp-json\/wp\/v2\/posts\/539","targetHints":{"allow":["GET"]}}],"collection":[{"href":"https:\/\/lasilusiones.com.ar\/blog\/wp-json\/wp\/v2\/posts"}],"about":[{"href":"https:\/\/lasilusiones.com.ar\/blog\/wp-json\/wp\/v2\/types\/post"}],"author":[{"embeddable":true,"href":"https:\/\/lasilusiones.com.ar\/blog\/wp-json\/wp\/v2\/users\/1"}],"replies":[{"embeddable":true,"href":"https:\/\/lasilusiones.com.ar\/blog\/wp-json\/wp\/v2\/comments?post=539"}],"version-history":[{"count":0,"href":"https:\/\/lasilusiones.com.ar\/blog\/wp-json\/wp\/v2\/posts\/539\/revisions"}],"wp:featuredmedia":[{"embeddable":true,"href":"https:\/\/lasilusiones.com.ar\/blog\/wp-json\/"}],"wp:attachment":[{"href":"https:\/\/lasilusiones.com.ar\/blog\/wp-json\/wp\/v2\/media?parent=539"}],"wp:term":[{"taxonomy":"category","embeddable":true,"href":"https:\/\/lasilusiones.com.ar\/blog\/wp-json\/wp\/v2\/categories?post=539"},{"taxonomy":"post_tag","embeddable":true,"href":"https:\/\/lasilusiones.com.ar\/blog\/wp-json\/wp\/v2\/tags?post=539"}],"curies":[{"name":"wp","href":"https:\/\/api.w.org\/{rel}","templated":true}]}}