{"id":543,"date":"2020-06-30T13:41:26","date_gmt":"2020-06-30T16:41:26","guid":{"rendered":"https:\/\/lasilusiones.com.ar\/blog\/?p=543"},"modified":"2020-06-30T13:41:26","modified_gmt":"2020-06-30T16:41:26","slug":"peliculas-vinculadas-al-colectivo-de-personas-con-discapacidad-intelectual-para-compartir-en-familia","status":"publish","type":"post","link":"https:\/\/lasilusiones.com.ar\/blog\/peliculas-vinculadas-al-colectivo-de-personas-con-discapacidad-intelectual-para-compartir-en-familia\/","title":{"rendered":"Pel\u00edculas vinculadas al colectivo de personas con discapacidad intelectual para compartir en familia"},"content":{"rendered":"\n<p><strong>Una lista con los nueve films infaltables en esta cuarentena<\/strong><br><\/p>\n\n\n\n<p><em>Por Nina \u00c1vila<\/em><br><\/p>\n\n\n\n<p>Existen variadas alternativas para llevar adelante esta etapa de aislamiento social preventivo y obligatorio en el hogar. El cine, es una de las opciones m\u00e1s elegidas para compartir un momento en familia,&nbsp; ya que se destaca su poder para abstraer a las personas de la realidad y sumergirlas en la ficci\u00f3n haciendo de la actividad un tiempo placentero, de disfrute, que disminuye los niveles de estr\u00e9s.&nbsp; Cabe se\u00f1alar que las m\u00faltiples historias que se visualizan en la pantalla traen aparejadas diversas realidades que acercan a los espectadores a conocer otras perspectivas y estimular as\u00ed la empat\u00eda y percepci\u00f3n del mundo.&nbsp;<\/p>\n\n\n\n<p>Desde Las Ilusiones les proponemos una lista de pel\u00edculas, en las cuales, sus protagonistas o historias son parte o est\u00e1n vinculados con el colectivo de personas con discapacidad.<\/p>\n\n\n\n<figure class=\"wp-block-image\"><img decoding=\"async\" src=\"https:\/\/lasilusiones.com.ar\/blog\/wp-content\/uploads\/2020\/06\/anita-la-pelicula.jpg\" alt=\"\" class=\"wp-image-545\"\/><\/figure>\n\n\n\n<ul class=\"wp-block-list\"><li>\u201dFORREST&nbsp; GUMP\u201d: (1994) Cuenta la historia de un joven con discapacidad intelectual y motriz&nbsp; que logra convertirse en un h\u00e9roe durante la Guerra de Vietnam. Dirigido por Robert Zemeckis. Ver en Cuevana o Netflix&nbsp;<\/li><li>\u201cMI NOMBRE ES SAM\u201d: (2001) Cuenta la historia de una padre con discapacidad intelectual y como va atravesando las diversas etapas del desarrollo de su hija. Dirigida por Jessie Nelson. Ver en el sitio web: Cuevana o YouTube.<\/li><li>\u201cEL CIRCO DE LA MARIPOSA\u201d: (2009) Es un cortometraje que narra la historia de un joven sin extremidades que vive su vida como la atracci\u00f3n de un circo, hasta que logra alcanzar&nbsp; una transformaci\u00f3n que le permitir\u00e1 valorarse desde otro lugar. Dirigido por <a href=\"http:\/\/joshuaweigel.com\/\">Joshua Weigel<\/a>. Ver en YouTube.<\/li><li>\u201cANITA\u201d: (2009) Anita es una joven con S\u00edndrome de Down que vive con su mam\u00e1 y su vida cambia dr\u00e1sticamente cuando su madre sale hacer unas compras y estalla la bomba del atentado a la AMIA. Dirigida por Marcelo Carnevale. Ver en YouTube.<\/li><li>\u201cCOLEGAS\u201d: (2012) Tres j\u00f3venes con s\u00edndrome de Down se escapan del internado en donde viven para experimentar la gran aventura de cumplir sus sue\u00f1os. Dirigido por Marcelo Galvao. Ver en la plataforma Netflix&nbsp; o&nbsp; YouTube.<\/li><li>\u201cEL ALIEN Y YO\u201d: (2016) Una banda de Punk contrata a un tecladista con S\u00edndrome de Down muy talentoso. Dirigida por Jes\u00fas Maga\u00f1a V\u00e1zquez. Ver en Netflix&nbsp;<\/li><li>\u201cCAMPEONES\u201d:(2018) Comedia dram\u00e1tica en la que un profesor de baloncesto deber\u00e1 entrenar a un grupo de j\u00f3venes con discapacidad intelectual. Dirigida por&nbsp;Javier Fesser. Ver en el sitio web: Cuevana<\/li><li>\u201cMILAGRO EN LA CELDA 7\u201d: (2019) Un padre con discapacidad intelectual es separado de su hija y tiene que probar su inocencia al ser acusado de la muerte de la ni\u00f1a de un comandante. Dirigida por: Mehmet Ada Oztekin. Ver en la plataforma Netflix o Cuevana<\/li><li>&nbsp;\u201cCAMPAMENTO EXTRAORDINARIO\u201d: (2020) Un campamento de verano revolucionario incita a un grupo de adolescentes con discapacidad a construir un nuevo camino hacia la igualdad. Dirigida por Nicole Newnham y James Lebrecht. Ver en Netflix&nbsp;<\/li><\/ul>\n\n\n\n<p>\u00a1Hacer unos pochoclos, reunir a la familia y compartir una de las pel\u00edculas sugeridas es un buen programa de este fin de semana!<br><\/p>\n","protected":false},"excerpt":{"rendered":"<p>Una lista con los nueve films infaltables en esta cuarentena Por Nina \u00c1vila Existen variadas alternativas para llevar adelante esta etapa de aislamiento social preventivo&hellip;<\/p>\n","protected":false},"author":1,"featured_media":547,"comment_status":"open","ping_status":"open","sticky":false,"template":"","format":"standard","meta":{"_monsterinsights_skip_tracking":false,"_monsterinsights_sitenote_active":false,"_monsterinsights_sitenote_note":"","_monsterinsights_sitenote_category":0,"footnotes":""},"categories":[4],"tags":[],"class_list":["post-543","post","type-post","status-publish","format-standard","has-post-thumbnail","hentry","category-articulo"],"_links":{"self":[{"href":"https:\/\/lasilusiones.com.ar\/blog\/wp-json\/wp\/v2\/posts\/543","targetHints":{"allow":["GET"]}}],"collection":[{"href":"https:\/\/lasilusiones.com.ar\/blog\/wp-json\/wp\/v2\/posts"}],"about":[{"href":"https:\/\/lasilusiones.com.ar\/blog\/wp-json\/wp\/v2\/types\/post"}],"author":[{"embeddable":true,"href":"https:\/\/lasilusiones.com.ar\/blog\/wp-json\/wp\/v2\/users\/1"}],"replies":[{"embeddable":true,"href":"https:\/\/lasilusiones.com.ar\/blog\/wp-json\/wp\/v2\/comments?post=543"}],"version-history":[{"count":0,"href":"https:\/\/lasilusiones.com.ar\/blog\/wp-json\/wp\/v2\/posts\/543\/revisions"}],"wp:featuredmedia":[{"embeddable":true,"href":"https:\/\/lasilusiones.com.ar\/blog\/wp-json\/"}],"wp:attachment":[{"href":"https:\/\/lasilusiones.com.ar\/blog\/wp-json\/wp\/v2\/media?parent=543"}],"wp:term":[{"taxonomy":"category","embeddable":true,"href":"https:\/\/lasilusiones.com.ar\/blog\/wp-json\/wp\/v2\/categories?post=543"},{"taxonomy":"post_tag","embeddable":true,"href":"https:\/\/lasilusiones.com.ar\/blog\/wp-json\/wp\/v2\/tags?post=543"}],"curies":[{"name":"wp","href":"https:\/\/api.w.org\/{rel}","templated":true}]}}