{"id":559,"date":"2020-07-02T18:56:15","date_gmt":"2020-07-02T21:56:15","guid":{"rendered":"https:\/\/lasilusiones.com.ar\/blog\/?p=559"},"modified":"2020-07-02T18:56:15","modified_gmt":"2020-07-02T21:56:15","slug":"entrevista-canal-2-de-caleta-olivia","status":"publish","type":"post","link":"https:\/\/lasilusiones.com.ar\/blog\/entrevista-canal-2-de-caleta-olivia\/","title":{"rendered":"Entrevista | Canal 2 de Caleta Olivia"},"content":{"rendered":"\n<p>El Director General de la Compa\u00f1\u00eda, Juan Ignacio Acosta, brind\u00f3 una nota para &#8220;Radio Dos&#8221; del canal 2 de Caleta Olivia, Santa Cruz . En esta oportunidad se habl\u00f3 sobre la importancia del arte con actividad recreativa, cognitiva y art\u00edstica en si misma y, adem\u00e1s, se converso sobre el avance de la sociedad en materia de compromiso social. Te invitamos a ver la nota completa haciendo click en el video.<\/p>\n\n\n\n<figure class=\"wp-block-embed-youtube wp-block-embed is-type-video is-provider-youtube wp-embed-aspect-16-9 wp-has-aspect-ratio\"><div class=\"wp-block-embed__wrapper\">\n<iframe loading=\"lazy\" title=\"Entrevista a Juan Ignacio Acosta | Canal 2 Caleta Olivia | Compa\u00f1\u00eda Las Ilusiones\" width=\"525\" height=\"295\" src=\"https:\/\/www.youtube.com\/embed\/ZNXIJ-C8iqE?feature=oembed\" frameborder=\"0\" allow=\"accelerometer; autoplay; clipboard-write; encrypted-media; gyroscope; picture-in-picture; web-share\" referrerpolicy=\"strict-origin-when-cross-origin\" allowfullscreen><\/iframe>\n<\/div><\/figure>\n","protected":false},"excerpt":{"rendered":"<p>El Director General de la Compa\u00f1\u00eda, Juan Ignacio Acosta, brind\u00f3 una nota para &#8220;Radio Dos&#8221; del canal 2 de Caleta Olivia, Santa Cruz . En&hellip;<\/p>\n","protected":false},"author":1,"featured_media":560,"comment_status":"open","ping_status":"open","sticky":false,"template":"","format":"standard","meta":{"_monsterinsights_skip_tracking":false,"_monsterinsights_sitenote_active":false,"_monsterinsights_sitenote_note":"","_monsterinsights_sitenote_category":0,"footnotes":""},"categories":[8],"tags":[14,18,19,21,27,34],"class_list":["post-559","post","type-post","status-publish","format-standard","has-post-thumbnail","hentry","category-prensa","tag-arte-inclusivo","tag-caleta-olivia","tag-canal-2","tag-compania","tag-entrevista","tag-las-ilusiones"],"_links":{"self":[{"href":"https:\/\/lasilusiones.com.ar\/blog\/wp-json\/wp\/v2\/posts\/559","targetHints":{"allow":["GET"]}}],"collection":[{"href":"https:\/\/lasilusiones.com.ar\/blog\/wp-json\/wp\/v2\/posts"}],"about":[{"href":"https:\/\/lasilusiones.com.ar\/blog\/wp-json\/wp\/v2\/types\/post"}],"author":[{"embeddable":true,"href":"https:\/\/lasilusiones.com.ar\/blog\/wp-json\/wp\/v2\/users\/1"}],"replies":[{"embeddable":true,"href":"https:\/\/lasilusiones.com.ar\/blog\/wp-json\/wp\/v2\/comments?post=559"}],"version-history":[{"count":0,"href":"https:\/\/lasilusiones.com.ar\/blog\/wp-json\/wp\/v2\/posts\/559\/revisions"}],"wp:featuredmedia":[{"embeddable":true,"href":"https:\/\/lasilusiones.com.ar\/blog\/wp-json\/"}],"wp:attachment":[{"href":"https:\/\/lasilusiones.com.ar\/blog\/wp-json\/wp\/v2\/media?parent=559"}],"wp:term":[{"taxonomy":"category","embeddable":true,"href":"https:\/\/lasilusiones.com.ar\/blog\/wp-json\/wp\/v2\/categories?post=559"},{"taxonomy":"post_tag","embeddable":true,"href":"https:\/\/lasilusiones.com.ar\/blog\/wp-json\/wp\/v2\/tags?post=559"}],"curies":[{"name":"wp","href":"https:\/\/api.w.org\/{rel}","templated":true}]}}