{"id":56,"date":"2015-10-21T10:06:15","date_gmt":"2015-10-21T13:06:15","guid":{"rendered":"https:\/\/lasilusiones.com.ar\/blog\/?p=56"},"modified":"2015-10-21T10:06:15","modified_gmt":"2015-10-21T13:06:15","slug":"programa-incluite-en-el-arte-bcn-radio-escuela-de-arte-integrado-las-ilusiones","status":"publish","type":"post","link":"https:\/\/lasilusiones.com.ar\/blog\/programa-incluite-en-el-arte-bcn-radio-escuela-de-arte-integrado-las-ilusiones\/","title":{"rendered":"Programa Incluite en el Arte &#8211; BCN Radio | Escuela de arte integrado Las ilusiones"},"content":{"rendered":"<p>El Director de la Compa\u00f1\u00eda Las Ilusiones fue invitado al programa radial de la Biblioteca del Congreso de la Naci\u00f3n, Incluite en el Arte, en donde cont\u00f3 su recorrido profesional y su incansable inquietud por la integraci\u00f3n de las personas con discapacidad.<\/p>\n<p><a href=\"https:\/\/www.youtube.com\/watch?v=eQIq_3wfNoo\">https:\/\/www.youtube.com\/watch?v=eQIq_3wfNoo<\/a><\/p>\n","protected":false},"excerpt":{"rendered":"<p>El Director de la Compa\u00f1\u00eda Las Ilusiones fue invitado al programa radial de la Biblioteca del Congreso de la Naci\u00f3n, Incluite en el Arte, en&hellip;<\/p>\n","protected":false},"author":1,"featured_media":66,"comment_status":"open","ping_status":"open","sticky":false,"template":"","format":"standard","meta":{"_monsterinsights_skip_tracking":false,"_monsterinsights_sitenote_active":false,"_monsterinsights_sitenote_note":"","_monsterinsights_sitenote_category":0,"footnotes":""},"categories":[12],"tags":[13,17,25,26,29,31,32,34,41,45,49],"class_list":["post-56","post","type-post","status-publish","format-standard","has-post-thumbnail","hentry","category-sin-categoria","tag-arte","tag-biblioteca-nacional","tag-director","tag-discapacidad","tag-inclusion","tag-integracion","tag-juan-ignacio-acosta","tag-las-ilusiones","tag-personas","tag-radio","tag-teatro"],"_links":{"self":[{"href":"https:\/\/lasilusiones.com.ar\/blog\/wp-json\/wp\/v2\/posts\/56","targetHints":{"allow":["GET"]}}],"collection":[{"href":"https:\/\/lasilusiones.com.ar\/blog\/wp-json\/wp\/v2\/posts"}],"about":[{"href":"https:\/\/lasilusiones.com.ar\/blog\/wp-json\/wp\/v2\/types\/post"}],"author":[{"embeddable":true,"href":"https:\/\/lasilusiones.com.ar\/blog\/wp-json\/wp\/v2\/users\/1"}],"replies":[{"embeddable":true,"href":"https:\/\/lasilusiones.com.ar\/blog\/wp-json\/wp\/v2\/comments?post=56"}],"version-history":[{"count":0,"href":"https:\/\/lasilusiones.com.ar\/blog\/wp-json\/wp\/v2\/posts\/56\/revisions"}],"wp:featuredmedia":[{"embeddable":true,"href":"https:\/\/lasilusiones.com.ar\/blog\/wp-json\/"}],"wp:attachment":[{"href":"https:\/\/lasilusiones.com.ar\/blog\/wp-json\/wp\/v2\/media?parent=56"}],"wp:term":[{"taxonomy":"category","embeddable":true,"href":"https:\/\/lasilusiones.com.ar\/blog\/wp-json\/wp\/v2\/categories?post=56"},{"taxonomy":"post_tag","embeddable":true,"href":"https:\/\/lasilusiones.com.ar\/blog\/wp-json\/wp\/v2\/tags?post=56"}],"curies":[{"name":"wp","href":"https:\/\/api.w.org\/{rel}","templated":true}]}}