{"id":568,"date":"2020-07-16T19:55:36","date_gmt":"2020-07-16T22:55:36","guid":{"rendered":"https:\/\/lasilusiones.com.ar\/blog\/?p=568"},"modified":"2020-07-16T19:55:36","modified_gmt":"2020-07-16T22:55:36","slug":"puentes-culturales-convocatoria-para-artistas-con-discapacidad","status":"publish","type":"post","link":"https:\/\/lasilusiones.com.ar\/blog\/puentes-culturales-convocatoria-para-artistas-con-discapacidad\/","title":{"rendered":"\u201cPuentes Culturales\u201d: convocatoria para artistas con discapacidad"},"content":{"rendered":"\n<p>Los trabajos de los artistas ser\u00e1n remunerados. Se encuentra abierta la convocatoria hasta el 23 de agosto.<\/p>\n\n\n\n<figure class=\"wp-block-image\"><img decoding=\"async\" src=\"https:\/\/lasilusiones.com.ar\/blog\/wp-content\/uploads\/2020\/07\/IMG_2829-1-1024x683.jpg\" alt=\"\" class=\"wp-image-570\"\/><\/figure>\n\n\n\n<p><strong>Puentes Culturales<\/strong>&nbsp;cuarta\nedici\u00f3n lanz\u00f3 la convocatoria virtual destinada a artistas con discapacidad que\nbusquen expandir su proyecto art\u00edstico. Este programa tiene por objetivos\ndesarrollar un <strong>espacio de igualdad de\noportunidades y<\/strong> <strong>derribar mitos sociales sobre este colectivo.&nbsp;<\/strong><\/p>\n\n\n\n<p>El festival, que se\norganiza desde el a\u00f1o 2016, adquiri\u00f3 su formato virtual a partir de la\npandemia, por ello se transmitir\u00e1 por youtube siendo de acceso libre y gratuito\npara el espectador. La iniciativa busca fomentar el arte como un\ntrabajo y<strong> una de sus cualidades es que las participaciones de los artistas ser\u00e1n\nremuneradas.&nbsp;<\/strong><\/p>\n\n\n\n<p>El plazo para\nrecibir el material es hasta el 23 de agosto. Las disciplinas convocadas para\nesta oportunidad son: teatro, m\u00fasica, canto, danza, danza teatro, teatro musical\ny comedia musical. Las bases y condiciones de participaci\u00f3n son enviadas por\nlos organizadores v\u00eda mail. Para ello los interesados deben inscribirse en\ninfopuentesculturales@gmail.com<\/p>\n\n\n\n<p>Puentes Culturales se trata de un proyecto de\nla&nbsp;<strong>Compa\u00f1\u00eda de arte Las Ilusiones, <\/strong>con apoyo de <strong>ASDRA <\/strong>(Asociaci\u00f3n de S\u00edndrome de Down de la\nRep\u00fablica Argentina) y&nbsp;<strong>COPIDIS<\/strong>&nbsp;(Comisi\u00f3n para la Plena\nParticipaci\u00f3n e Inclusi\u00f3n de las Personas con Discapacidad) del Gobierno de la Ciudad.<\/p>\n\n\n\n<p>Juan Ignacio\nAcosta, uno de los impulsores de esta iniciativa y Director general de la\nCompa\u00f1\u00eda de arte inclusivo Las ilusiones, asegura que <em>\u201cLa cuarentena ha invadido todos los formatos conocidos hasta el momento.\nY ahora es tiempo de reinventarse. Las artes no est\u00e1n ajenas a esto y es por\nello que desde Las Ilusiones seguimos apoyando el arte inclusivo. La\nvirtualidad es el canal que nos posibilitar\u00e1 que los artistas con discapacidad\nsigan siendo valorados en el campo de la cultura. Puentes Culturales 4ta\nedici\u00f3n es una marca registrada en el colectivo de personas con discapacidad y\npor eso es de suma importancia seguir haci\u00e9ndolo\u201d.<\/em><\/p>\n\n\n\n<p>Por su parte,\nCinthia \u00c1vila, coordinadora de Puentes Culturales y Vicedirectora de la\nCompa\u00f1\u00eda de arte inclusivo Las Ilusiones, explica que <em>\u201capostar a &#8220;Puentes Culturales&#8221; en su cuarta edici\u00f3n en\nsituaci\u00f3n de aislamiento debido a la pandemia del Covid19, simboliza elegir el\narte como fuente cultural para acompa\u00f1ar al p\u00fablico en sus hogares con\nespect\u00e1culos gratuitos que les permitan disfrutar como espectadores momentos de\nocio como un derecho humano y de gran necesidad en esta ocasi\u00f3n tan&nbsp;\nparticular, con el objetivo central de esta plataforma que cada a\u00f1o facilita un\nespacio para promover el trabajo de artistas con discapacidad\u201d.<\/em><\/p>\n\n\n\n<p><strong>#SigamosConstruyendoPuentes<\/strong><\/p>\n\n\n\n<p>La convocatoria se encuentra abierta hasta el 23 de\nagosto. Los artistas que deseen participar deben escribir a&nbsp;<a href=\"mailto:infopuentesculturales@gmail.com\" target=\"_blank\" rel=\"noreferrer noopener\">infopuentesculturales@gmail.com<\/a> para recibir las bases y\ncondiciones.<\/p>\n","protected":false},"excerpt":{"rendered":"<p>Los trabajos de los artistas ser\u00e1n remunerados. Se encuentra abierta la convocatoria hasta el 23 de agosto. Puentes Culturales&nbsp;cuarta edici\u00f3n lanz\u00f3 la convocatoria virtual destinada&hellip;<\/p>\n","protected":false},"author":1,"featured_media":571,"comment_status":"open","ping_status":"open","sticky":false,"template":"","format":"standard","meta":{"_monsterinsights_skip_tracking":false,"_monsterinsights_sitenote_active":false,"_monsterinsights_sitenote_note":"","_monsterinsights_sitenote_category":0,"footnotes":""},"categories":[3,8],"tags":[14,21,28,29,34,44],"class_list":["post-568","post","type-post","status-publish","format-standard","has-post-thumbnail","hentry","category-actividades","category-prensa","tag-arte-inclusivo","tag-compania","tag-festival","tag-inclusion","tag-las-ilusiones","tag-puentes-culturales"],"_links":{"self":[{"href":"https:\/\/lasilusiones.com.ar\/blog\/wp-json\/wp\/v2\/posts\/568","targetHints":{"allow":["GET"]}}],"collection":[{"href":"https:\/\/lasilusiones.com.ar\/blog\/wp-json\/wp\/v2\/posts"}],"about":[{"href":"https:\/\/lasilusiones.com.ar\/blog\/wp-json\/wp\/v2\/types\/post"}],"author":[{"embeddable":true,"href":"https:\/\/lasilusiones.com.ar\/blog\/wp-json\/wp\/v2\/users\/1"}],"replies":[{"embeddable":true,"href":"https:\/\/lasilusiones.com.ar\/blog\/wp-json\/wp\/v2\/comments?post=568"}],"version-history":[{"count":0,"href":"https:\/\/lasilusiones.com.ar\/blog\/wp-json\/wp\/v2\/posts\/568\/revisions"}],"wp:featuredmedia":[{"embeddable":true,"href":"https:\/\/lasilusiones.com.ar\/blog\/wp-json\/"}],"wp:attachment":[{"href":"https:\/\/lasilusiones.com.ar\/blog\/wp-json\/wp\/v2\/media?parent=568"}],"wp:term":[{"taxonomy":"category","embeddable":true,"href":"https:\/\/lasilusiones.com.ar\/blog\/wp-json\/wp\/v2\/categories?post=568"},{"taxonomy":"post_tag","embeddable":true,"href":"https:\/\/lasilusiones.com.ar\/blog\/wp-json\/wp\/v2\/tags?post=568"}],"curies":[{"name":"wp","href":"https:\/\/api.w.org\/{rel}","templated":true}]}}