{"id":575,"date":"2020-07-28T14:26:31","date_gmt":"2020-07-28T17:26:31","guid":{"rendered":"https:\/\/lasilusiones.com.ar\/blog\/?p=575"},"modified":"2020-07-28T14:26:31","modified_gmt":"2020-07-28T17:26:31","slug":"que-protocolo-seguir-cuando-una-personas-con-discapacidad-es-covid-19-positivo","status":"publish","type":"post","link":"https:\/\/lasilusiones.com.ar\/blog\/que-protocolo-seguir-cuando-una-personas-con-discapacidad-es-covid-19-positivo\/","title":{"rendered":"Qu\u00e9 protocolo seguir cuando una persona con discapacidad es COVID -19 positivo"},"content":{"rendered":"\n<p>Informaci\u00f3n sobre c\u00f3mo accionar en caso de que personas con discapacidad sean hospitalizadas por coronavirus.&nbsp;<br><\/p>\n\n\n\n<p><em>Por Juan Ignacio Acosta<\/em><br><\/p>\n\n\n\n<p>La Agencia Nacional de Discapacidad propuso la adecuaci\u00f3n de un protocolo, y conjuntamente con el Ministerio de Salud de La Naci\u00f3n y la Secretar\u00eda de Derechos Humanos se logr\u00f3 confeccionar el documento oficial.<br><\/p>\n\n\n\n<p>Dicho protocolo busca garantizar que las personas con discapacidad que tengan s\u00edntomas compatibles con COVID-19, y el caso se confirme y tenga criterio de hospitalizaci\u00f3n, accedan al derecho del acceso a la salud en igualdad de condiciones que los dem\u00e1s, y contar con el apoyo de un cuidador\/a para la comunicaci\u00f3n y contenci\u00f3n de la persona internada.<br><\/p>\n\n\n\n<p>Compartimos las consideraciones m\u00e1s relevantes del protocolo con el fin de acercar informaci\u00f3n importante en caso de ser requerida:&nbsp;&nbsp;<\/p>\n\n\n\n<ul class=\"wp-block-list\"><li>El APOYO o CUIDADOR\/A en este caso resulta ser fundamental, para la comunicaci\u00f3n, la contenci\u00f3n y que la persona con discapacidad curse la enfermedad de la mejor manera posible. Esta participaci\u00f3n, en la internaci\u00f3n de la persona de APOYO o CUIDADOR\/A, la obligar\u00e1 a quedar internada por el tiempo que la Autoridad Hospitalaria considere sea necesario dentro de la instituci\u00f3n sanitaria o evaluar la posibilidad de una internaci\u00f3n domiciliaria.<\/li><li>EL APOYO o CUIDADOR\/A deber\u00e1 cumplir con todas las instrucciones que en materia de seguridad y comportamiento requieren las personas con y sin discapacidad en aislamiento.&nbsp;<\/li><li>Idealmente debe ser la misma persona y permanecer de manera conjunta durante todo el proceso de internaci\u00f3n\/atenci\u00f3n y en ning\u00fan caso podr\u00e1 pertenecer a un grupo identificado como en mayor riesgo de formas graves de COVID-19 ni convivir con personas con riesgo aumentado de formas graves.<\/li><\/ul>\n\n\n\n<p>Para m\u00e1s info: <a href=\"http:\/\/www.msal.gob.ar\/images\/stories\/bes\/graficos\/0000002024cnt-covid19-protocolo-sistemas-apoyos-y-cuidados-personas-con-discapacidad-hospitalizadas.pdf\">http:\/\/www.msal.gob.ar\/images\/stories\/bes\/graficos\/0000002024cnt-covid19-protocolo-sistemas-apoyos-y-cuidados-personas-con-discapacidad-hospitalizadas.pdf<\/a><br><\/p>\n","protected":false},"excerpt":{"rendered":"<p>Informaci\u00f3n sobre c\u00f3mo accionar en caso de que personas con discapacidad sean hospitalizadas por coronavirus.&nbsp; Por Juan Ignacio Acosta La Agencia Nacional de Discapacidad propuso&hellip;<\/p>\n","protected":false},"author":1,"featured_media":576,"comment_status":"open","ping_status":"open","sticky":false,"template":"","format":"standard","meta":{"_monsterinsights_skip_tracking":false,"_monsterinsights_sitenote_active":false,"_monsterinsights_sitenote_note":"","_monsterinsights_sitenote_category":0,"footnotes":""},"categories":[4],"tags":[],"class_list":["post-575","post","type-post","status-publish","format-standard","has-post-thumbnail","hentry","category-articulo"],"_links":{"self":[{"href":"https:\/\/lasilusiones.com.ar\/blog\/wp-json\/wp\/v2\/posts\/575","targetHints":{"allow":["GET"]}}],"collection":[{"href":"https:\/\/lasilusiones.com.ar\/blog\/wp-json\/wp\/v2\/posts"}],"about":[{"href":"https:\/\/lasilusiones.com.ar\/blog\/wp-json\/wp\/v2\/types\/post"}],"author":[{"embeddable":true,"href":"https:\/\/lasilusiones.com.ar\/blog\/wp-json\/wp\/v2\/users\/1"}],"replies":[{"embeddable":true,"href":"https:\/\/lasilusiones.com.ar\/blog\/wp-json\/wp\/v2\/comments?post=575"}],"version-history":[{"count":0,"href":"https:\/\/lasilusiones.com.ar\/blog\/wp-json\/wp\/v2\/posts\/575\/revisions"}],"wp:featuredmedia":[{"embeddable":true,"href":"https:\/\/lasilusiones.com.ar\/blog\/wp-json\/"}],"wp:attachment":[{"href":"https:\/\/lasilusiones.com.ar\/blog\/wp-json\/wp\/v2\/media?parent=575"}],"wp:term":[{"taxonomy":"category","embeddable":true,"href":"https:\/\/lasilusiones.com.ar\/blog\/wp-json\/wp\/v2\/categories?post=575"},{"taxonomy":"post_tag","embeddable":true,"href":"https:\/\/lasilusiones.com.ar\/blog\/wp-json\/wp\/v2\/tags?post=575"}],"curies":[{"name":"wp","href":"https:\/\/api.w.org\/{rel}","templated":true}]}}