{"id":579,"date":"2020-08-03T14:17:15","date_gmt":"2020-08-03T17:17:15","guid":{"rendered":"https:\/\/lasilusiones.com.ar\/blog\/?p=579"},"modified":"2020-08-03T14:17:15","modified_gmt":"2020-08-03T17:17:15","slug":"juan-ignacio-acosta-estuvo-hablando-en-revuelto-de-radio-de-radio-nacional-folklorica","status":"publish","type":"post","link":"https:\/\/lasilusiones.com.ar\/blog\/juan-ignacio-acosta-estuvo-hablando-en-revuelto-de-radio-de-radio-nacional-folklorica\/","title":{"rendered":"Juan Ignacio Acosta estuvo hablando en Radio Nacional Folkl\u00f3rica"},"content":{"rendered":"\n<p>El Director general de la Compa\u00f1\u00eda fue entrevistado en el programa Revuelto de Radio, donde cont\u00f3 la tarea que se lleva adelante en Las Ilusiones sin dejar de mencionar el panorama actual. Una hermosa nota que los invitamos a escuchar en el siguiente video.<\/p>\n\n\n\n<figure class=\"wp-block-embed-youtube wp-block-embed is-type-video is-provider-youtube wp-embed-aspect-16-9 wp-has-aspect-ratio\"><div class=\"wp-block-embed__wrapper\">\n<iframe loading=\"lazy\" title=\"Radio Nacional Folkl\u00f3rica FM 98.7 | Compa\u00f1\u00eda Las Ilusiones |  Revuelto de Radio\" width=\"525\" height=\"295\" src=\"https:\/\/www.youtube.com\/embed\/c9xBnG55lYs?list=PLYoIZbvWmb6hQf04tHeFPzbDbpHbmM30w\" frameborder=\"0\" allow=\"accelerometer; autoplay; clipboard-write; encrypted-media; gyroscope; picture-in-picture; web-share\" referrerpolicy=\"strict-origin-when-cross-origin\" allowfullscreen><\/iframe>\n<\/div><\/figure>\n","protected":false},"excerpt":{"rendered":"<p>El Director general de la Compa\u00f1\u00eda fue entrevistado en el programa Revuelto de Radio, donde cont\u00f3 la tarea que se lleva adelante en Las Ilusiones&hellip;<\/p>\n","protected":false},"author":1,"featured_media":580,"comment_status":"open","ping_status":"open","sticky":false,"template":"","format":"standard","meta":{"_monsterinsights_skip_tracking":false,"_monsterinsights_sitenote_active":false,"_monsterinsights_sitenote_note":"","_monsterinsights_sitenote_category":0,"footnotes":""},"categories":[8],"tags":[],"class_list":["post-579","post","type-post","status-publish","format-standard","has-post-thumbnail","hentry","category-prensa"],"_links":{"self":[{"href":"https:\/\/lasilusiones.com.ar\/blog\/wp-json\/wp\/v2\/posts\/579","targetHints":{"allow":["GET"]}}],"collection":[{"href":"https:\/\/lasilusiones.com.ar\/blog\/wp-json\/wp\/v2\/posts"}],"about":[{"href":"https:\/\/lasilusiones.com.ar\/blog\/wp-json\/wp\/v2\/types\/post"}],"author":[{"embeddable":true,"href":"https:\/\/lasilusiones.com.ar\/blog\/wp-json\/wp\/v2\/users\/1"}],"replies":[{"embeddable":true,"href":"https:\/\/lasilusiones.com.ar\/blog\/wp-json\/wp\/v2\/comments?post=579"}],"version-history":[{"count":0,"href":"https:\/\/lasilusiones.com.ar\/blog\/wp-json\/wp\/v2\/posts\/579\/revisions"}],"wp:featuredmedia":[{"embeddable":true,"href":"https:\/\/lasilusiones.com.ar\/blog\/wp-json\/"}],"wp:attachment":[{"href":"https:\/\/lasilusiones.com.ar\/blog\/wp-json\/wp\/v2\/media?parent=579"}],"wp:term":[{"taxonomy":"category","embeddable":true,"href":"https:\/\/lasilusiones.com.ar\/blog\/wp-json\/wp\/v2\/categories?post=579"},{"taxonomy":"post_tag","embeddable":true,"href":"https:\/\/lasilusiones.com.ar\/blog\/wp-json\/wp\/v2\/tags?post=579"}],"curies":[{"name":"wp","href":"https:\/\/api.w.org\/{rel}","templated":true}]}}