{"id":58,"date":"2016-10-21T10:07:29","date_gmt":"2016-10-21T13:07:29","guid":{"rendered":"https:\/\/lasilusiones.com.ar\/blog\/?p=58"},"modified":"2016-10-21T10:07:29","modified_gmt":"2016-10-21T13:07:29","slug":"las-ilusiones-nota-de-znvision-por-teatro-por-la-inclusion-en-el-york","status":"publish","type":"post","link":"https:\/\/lasilusiones.com.ar\/blog\/las-ilusiones-nota-de-znvision-por-teatro-por-la-inclusion-en-el-york\/","title":{"rendered":"Las Ilusiones | Nota de ZNVISION por Teatro por la Inclusi\u00f3n en el York"},"content":{"rendered":"<p>El grupo de teatro Las Ilusiones de Alicia, formado por chicos con s\u00edndrome de down, present\u00f3 en el Cine Teatro York una adaptaci\u00f3n del cl\u00e1sico de William Shakespeare, Sue\u00f1o de una noche de verano. La puesta en escena, se dio en el marco del ciclo Teatro por la Inclusi\u00f3n.<\/p>\n<p>El vecino de Vicente L\u00f3pez y director de la obra teatral, Juan Acosta, una vez terminada la funci\u00f3n, se mostr\u00f3 emocionado al recordar a quien fuera su mentora, la actriz y directora Alicia Zanca, que faclleci\u00f3 en 2012: \u201cEsto comenz\u00f3 en 2009 con Alicia Zanca y despu\u00e9s de que lamentablemente Alicia se fue, con mi equipo comenzamos a generar una nueva propuesta que se llama la Escuela de las Ilusiones, y a partir de ah\u00ed, de esa propuesta nace este grupo de teatro llamado Las ilusiones de Alicia, en honor a ella y empezamos a hacer funciones, esta es la quinta producci\u00f3n y es un poco el sue\u00f1o de todos, es la gran ilusi\u00f3n. Me parece que no es ut\u00f3pico pensar que se puede trabajar en actuaci\u00f3n con estos chicos, se puede pensar en actores. Yo siempre digo que esta es una nueva po\u00e9tica as\u00ed que hacia all\u00e1 vamos\u201d.<\/p>\n<p>Por su lado, el intendente de Vicente L\u00f3pez, Jorge Macri, que disfrut\u00f3 de la funci\u00f3n, dijo que se trat\u00f3 de \u201cuna muy linda funci\u00f3n, algo que comenz\u00f3 Alicia Zanca hace muchos a\u00f1os, que hoy lo sigue Juan Acosta. Esta es una iniciativa muy valiosa, que es incluir a personas con capacidades diferentes o con discapacidad, en el teatro y la verdad que se lo disfruta y mucho\u201d.<\/p>\n<p>Macri tambi\u00e9n se refiri\u00f3 a importancia que tiene para su gobierno este tipo de iniciativas: \u201cPara nosotros trabajar con la inclusi\u00f3n es fundamental, las diferencias nos mejoran. Rescatar de cada uno de nosotros qu\u00e9 es lo que tenemos de distinto y de diferente para ofrecer, es muy importante y ellos hacen eso, nos muestran otra forma de hacer teatro, lo hacen con mucho profesionalismo, con mucha dedicaci\u00f3n. Juan hace un inmenso trabajo de formaci\u00f3n y educaci\u00f3n, as\u00ed que esto es para m\u00ed como otra obra m\u00e1s. Yo siempre digo lo mismo, uno no vive aceptando la diferencia, sino que ama la diferencia, la posibilidad de disfrutar de que todos seamos seres humanos \u00fanicos, imperfectos e irrepetibles y eso es lo que estamos viendo hoy ac\u00e1 en este teatro\u201d.<\/p>\n<p><iframe loading=\"lazy\" title=\"Las Ilusiones | Nota de ZNVISION por Teatro por la Inclusi\u00f3n en el York\" width=\"525\" height=\"394\" src=\"https:\/\/www.youtube.com\/embed\/8hLB8YqbhfI?feature=oembed\" frameborder=\"0\" allow=\"accelerometer; autoplay; clipboard-write; encrypted-media; gyroscope; picture-in-picture; web-share\" referrerpolicy=\"strict-origin-when-cross-origin\" allowfullscreen><\/iframe><\/p>\n","protected":false},"excerpt":{"rendered":"<p>El grupo de teatro Las Ilusiones de Alicia, formado por chicos con s\u00edndrome de down, present\u00f3 en el Cine Teatro York una adaptaci\u00f3n del cl\u00e1sico&hellip;<\/p>\n","protected":false},"author":1,"featured_media":65,"comment_status":"open","ping_status":"open","sticky":false,"template":"","format":"standard","meta":{"_monsterinsights_skip_tracking":false,"_monsterinsights_sitenote_active":false,"_monsterinsights_sitenote_note":"","_monsterinsights_sitenote_category":0,"footnotes":""},"categories":[8],"tags":[13,25,26,29,31,32,34,41,43,49,51,52],"class_list":["post-58","post","type-post","status-publish","format-standard","has-post-thumbnail","hentry","category-prensa","tag-arte","tag-director","tag-discapacidad","tag-inclusion","tag-integracion","tag-juan-ignacio-acosta","tag-las-ilusiones","tag-personas","tag-programa","tag-teatro","tag-television","tag-vicente-lopez"],"_links":{"self":[{"href":"https:\/\/lasilusiones.com.ar\/blog\/wp-json\/wp\/v2\/posts\/58","targetHints":{"allow":["GET"]}}],"collection":[{"href":"https:\/\/lasilusiones.com.ar\/blog\/wp-json\/wp\/v2\/posts"}],"about":[{"href":"https:\/\/lasilusiones.com.ar\/blog\/wp-json\/wp\/v2\/types\/post"}],"author":[{"embeddable":true,"href":"https:\/\/lasilusiones.com.ar\/blog\/wp-json\/wp\/v2\/users\/1"}],"replies":[{"embeddable":true,"href":"https:\/\/lasilusiones.com.ar\/blog\/wp-json\/wp\/v2\/comments?post=58"}],"version-history":[{"count":0,"href":"https:\/\/lasilusiones.com.ar\/blog\/wp-json\/wp\/v2\/posts\/58\/revisions"}],"wp:featuredmedia":[{"embeddable":true,"href":"https:\/\/lasilusiones.com.ar\/blog\/wp-json\/"}],"wp:attachment":[{"href":"https:\/\/lasilusiones.com.ar\/blog\/wp-json\/wp\/v2\/media?parent=58"}],"wp:term":[{"taxonomy":"category","embeddable":true,"href":"https:\/\/lasilusiones.com.ar\/blog\/wp-json\/wp\/v2\/categories?post=58"},{"taxonomy":"post_tag","embeddable":true,"href":"https:\/\/lasilusiones.com.ar\/blog\/wp-json\/wp\/v2\/tags?post=58"}],"curies":[{"name":"wp","href":"https:\/\/api.w.org\/{rel}","templated":true}]}}