{"id":582,"date":"2020-08-03T15:21:03","date_gmt":"2020-08-03T18:21:03","guid":{"rendered":"https:\/\/lasilusiones.com.ar\/blog\/?p=582"},"modified":"2020-08-03T15:21:03","modified_gmt":"2020-08-03T18:21:03","slug":"entrevista-en-radio-sobre-el-incluir-a-las-personas-con-discapacidad-al-circuito-del-arte","status":"publish","type":"post","link":"https:\/\/lasilusiones.com.ar\/blog\/entrevista-en-radio-sobre-el-incluir-a-las-personas-con-discapacidad-al-circuito-del-arte\/","title":{"rendered":"Entrevista en Radio sobre la inclusi\u00f3n de las personas con discapacidad al circuito formal del arte"},"content":{"rendered":"\n<p>El Director General de Las Ilusiones habl\u00f3 en el programa &#8220;Se cay\u00f3 el sistema&#8221; de Radio La Calle sobre todas las actividades que tiene la compa\u00f1\u00eda con el fin de derribar los mitos acerca de la discapacidad. Escuch\u00e1 la entrevista completa en este video. <\/p>\n\n\n\n<figure class=\"wp-block-embed-youtube wp-block-embed is-type-video is-provider-youtube wp-embed-aspect-16-9 wp-has-aspect-ratio\"><div class=\"wp-block-embed__wrapper\">\n<iframe loading=\"lazy\" title=\"Radio la Calle | Compa\u00f1\u00eda Las Ilusiones|  Programa: Se cayo el sistema\" width=\"525\" height=\"295\" src=\"https:\/\/www.youtube.com\/embed\/hKAylrMAQds?list=PLYoIZbvWmb6hQf04tHeFPzbDbpHbmM30w\" frameborder=\"0\" allow=\"accelerometer; autoplay; clipboard-write; encrypted-media; gyroscope; picture-in-picture; web-share\" referrerpolicy=\"strict-origin-when-cross-origin\" allowfullscreen><\/iframe>\n<\/div><\/figure>\n","protected":false},"excerpt":{"rendered":"<p>El Director General de Las Ilusiones habl\u00f3 en el programa &#8220;Se cay\u00f3 el sistema&#8221; de Radio La Calle sobre todas las actividades que tiene la&hellip;<\/p>\n","protected":false},"author":1,"featured_media":584,"comment_status":"open","ping_status":"open","sticky":false,"template":"","format":"standard","meta":{"_monsterinsights_skip_tracking":false,"_monsterinsights_sitenote_active":false,"_monsterinsights_sitenote_note":"","_monsterinsights_sitenote_category":0,"footnotes":""},"categories":[8],"tags":[],"class_list":["post-582","post","type-post","status-publish","format-standard","has-post-thumbnail","hentry","category-prensa"],"_links":{"self":[{"href":"https:\/\/lasilusiones.com.ar\/blog\/wp-json\/wp\/v2\/posts\/582","targetHints":{"allow":["GET"]}}],"collection":[{"href":"https:\/\/lasilusiones.com.ar\/blog\/wp-json\/wp\/v2\/posts"}],"about":[{"href":"https:\/\/lasilusiones.com.ar\/blog\/wp-json\/wp\/v2\/types\/post"}],"author":[{"embeddable":true,"href":"https:\/\/lasilusiones.com.ar\/blog\/wp-json\/wp\/v2\/users\/1"}],"replies":[{"embeddable":true,"href":"https:\/\/lasilusiones.com.ar\/blog\/wp-json\/wp\/v2\/comments?post=582"}],"version-history":[{"count":0,"href":"https:\/\/lasilusiones.com.ar\/blog\/wp-json\/wp\/v2\/posts\/582\/revisions"}],"wp:featuredmedia":[{"embeddable":true,"href":"https:\/\/lasilusiones.com.ar\/blog\/wp-json\/"}],"wp:attachment":[{"href":"https:\/\/lasilusiones.com.ar\/blog\/wp-json\/wp\/v2\/media?parent=582"}],"wp:term":[{"taxonomy":"category","embeddable":true,"href":"https:\/\/lasilusiones.com.ar\/blog\/wp-json\/wp\/v2\/categories?post=582"},{"taxonomy":"post_tag","embeddable":true,"href":"https:\/\/lasilusiones.com.ar\/blog\/wp-json\/wp\/v2\/tags?post=582"}],"curies":[{"name":"wp","href":"https:\/\/api.w.org\/{rel}","templated":true}]}}