{"id":594,"date":"2020-08-12T11:30:49","date_gmt":"2020-08-12T14:30:49","guid":{"rendered":"https:\/\/lasilusiones.com.ar\/blog\/?p=594"},"modified":"2020-08-12T11:30:49","modified_gmt":"2020-08-12T14:30:49","slug":"educacion-especial-que-es-ser-especial","status":"publish","type":"post","link":"https:\/\/lasilusiones.com.ar\/blog\/educacion-especial-que-es-ser-especial\/","title":{"rendered":"Educaci\u00f3n especial\u2026 \u00bfQu\u00e9 es ser especial?"},"content":{"rendered":"\n<p><em>Por Juan Ignacio Acosta<\/em><\/p>\n\n\n\n<p>El pasado 9 de agosto fue el \u201cD\u00eda de la educaci\u00f3n especial\u201d. Una fecha que invita a reflexionar sobre la aceptaci\u00f3n de las personas a pesar de las diferencias y en la generaci\u00f3n de oportunidades para todos.<\/p>\n\n\n\n<p>Las efem\u00e9rides son importantes porque marcan un hito, un momento, que ser\u00e1 recordado. El hecho es lo que hace que algo desapercibido se haga visible: un punto en una l\u00ednea sim\u00e9trica que deja su huella.<\/p>\n\n\n\n<p>La elecci\u00f3n de esta fecha deriva de la conmemoraci\u00f3n del d\u00eda en el que se cre\u00f3 la Direcci\u00f3n de Educaci\u00f3n Especial, que tuvo lugar el 9 de agosto de 1949. A partir del a\u00f1o 2006, con la ley 26.206 de Educaci\u00f3n Nacional, se estableci\u00f3 que \u201cla Educaci\u00f3n Especial es la modalidad del Sistema Educativo destinada a asegurar el derecho a la educaci\u00f3n de las personas con discapacidades, temporales o permanentes, en todos los niveles y modalidades del Sistema\u201d.<\/p>\n\n\n\n<p>\u00bfEducaci\u00f3n especial? \u00bfEspecial de qu\u00e9? \u00bfPor qu\u00e9 es especial? \u00bfQu\u00e9 queremos decir con especial?&nbsp;<\/p>\n\n\n\n<p>La educaci\u00f3n debiera ser considerada plural, diversa, heterog\u00e9nea \u00bfc\u00f3mo podemos pensar estos valores cuando hay una educaci\u00f3n para un tipo de persona y otra educaci\u00f3n para otra? \u00bfDe qu\u00e9 manera podemos incluir si partimos de un primer punto que segrega en vez de pensarnos juntos? \u00bfHay algo de especial en la condici\u00f3n de tener o no discapacidad? \u00bfLa conmemoraci\u00f3n de este d\u00eda no es fijar zonas peyorativas de manera soslayada?<\/p>\n\n\n\n<p>Sin lugar a dudas, sostener a las personas con discapacidad como objetos de asistencialismo (vinculado a la pobreza y a la indigencia), o como sujetos divinos, \u00e1ngeles, \u201cseres de luz\u201d y no como sujetos de derechos, es una medida contraria a la Convenci\u00f3n de los Derechos de las Personas con Discapacidad, que en 2014 adquiri\u00f3 jerarqu\u00eda constitucional bajo la Ley 27.044. Seg\u00fan el pre\u00e1mbulo de esta norma, \u201cla discapacidad es un concepto que evoluciona y resulta de la interacci\u00f3n entre la persona con alguna limitaci\u00f3n funcional y las barreras del entorno\u201d.&nbsp;<\/p>\n\n\n\n<p>Es por este motivo que pensar un d\u00eda de \u201cla educaci\u00f3n especial\u201d resulta parad\u00f3jico. Hoy, en el siglo XXI, se debe pregonar por la evoluci\u00f3n de estos conceptos y nombrar este fecha en particular como el \u201cD\u00eda de la educaci\u00f3n en discapacidad\u201d o en el \u201cD\u00eda de la educaci\u00f3n universal\u201d, que ser\u00eda el resultado de una nueva reflexi\u00f3n, de la transformaci\u00f3n del pensamiento sobre las personas con discapacidad. De verles como seres humanos activos y part\u00edcipes, en todo el sentido de la palabra, de la sociedad al igual que todas las personas sin limitaciones, potenciando y aceptando lo distinto.&nbsp;<\/p>\n\n\n\n<p>Una idea que se adapta completamente a un nuevo formato para entender la educaci\u00f3n. Al igual que en el dise\u00f1o universal, la idea ser\u00eda entonces minimizar los riesgos y las consecuencias adversas, adelantarse y tolerar acciones inconscientes, ser plenamente tolerantes y tolerables.&nbsp; Hacia este camino debe ir una verdadera educaci\u00f3n inclusiva y en todo caso ella debe estar habitada de todo \u201clo especial\u201d que contemple a todos, traspasando la barrera de la diversidad para verla como una virtud.<\/p>\n","protected":false},"excerpt":{"rendered":"<p>Por Juan Ignacio Acosta El pasado 9 de agosto fue el \u201cD\u00eda de la educaci\u00f3n especial\u201d. Una fecha que invita a reflexionar sobre la aceptaci\u00f3n&hellip;<\/p>\n","protected":false},"author":1,"featured_media":595,"comment_status":"open","ping_status":"open","sticky":false,"template":"","format":"standard","meta":{"_monsterinsights_skip_tracking":false,"_monsterinsights_sitenote_active":false,"_monsterinsights_sitenote_note":"","_monsterinsights_sitenote_category":0,"footnotes":""},"categories":[4],"tags":[],"class_list":["post-594","post","type-post","status-publish","format-standard","has-post-thumbnail","hentry","category-articulo"],"_links":{"self":[{"href":"https:\/\/lasilusiones.com.ar\/blog\/wp-json\/wp\/v2\/posts\/594","targetHints":{"allow":["GET"]}}],"collection":[{"href":"https:\/\/lasilusiones.com.ar\/blog\/wp-json\/wp\/v2\/posts"}],"about":[{"href":"https:\/\/lasilusiones.com.ar\/blog\/wp-json\/wp\/v2\/types\/post"}],"author":[{"embeddable":true,"href":"https:\/\/lasilusiones.com.ar\/blog\/wp-json\/wp\/v2\/users\/1"}],"replies":[{"embeddable":true,"href":"https:\/\/lasilusiones.com.ar\/blog\/wp-json\/wp\/v2\/comments?post=594"}],"version-history":[{"count":0,"href":"https:\/\/lasilusiones.com.ar\/blog\/wp-json\/wp\/v2\/posts\/594\/revisions"}],"wp:featuredmedia":[{"embeddable":true,"href":"https:\/\/lasilusiones.com.ar\/blog\/wp-json\/"}],"wp:attachment":[{"href":"https:\/\/lasilusiones.com.ar\/blog\/wp-json\/wp\/v2\/media?parent=594"}],"wp:term":[{"taxonomy":"category","embeddable":true,"href":"https:\/\/lasilusiones.com.ar\/blog\/wp-json\/wp\/v2\/categories?post=594"},{"taxonomy":"post_tag","embeddable":true,"href":"https:\/\/lasilusiones.com.ar\/blog\/wp-json\/wp\/v2\/tags?post=594"}],"curies":[{"name":"wp","href":"https:\/\/api.w.org\/{rel}","templated":true}]}}