{"id":601,"date":"2020-08-19T12:15:55","date_gmt":"2020-08-19T15:15:55","guid":{"rendered":"https:\/\/lasilusiones.com.ar\/blog\/?p=601"},"modified":"2020-08-19T12:15:55","modified_gmt":"2020-08-19T15:15:55","slug":"libros-y-discapacidad-opciones-literarias-para-nutrir-la-mente","status":"publish","type":"post","link":"https:\/\/lasilusiones.com.ar\/blog\/libros-y-discapacidad-opciones-literarias-para-nutrir-la-mente\/","title":{"rendered":"Libros y discapacidad: opciones literarias para nutrir la mente"},"content":{"rendered":"\n<p><em>Por Juan Ignacio Acosta<\/em><\/p>\n\n\n\n<p>En este momento creemos que es importante compartir informaci\u00f3n valiosa que brinde alternativas de instrucci\u00f3n y esparcimiento para transitar nuestra vida cotidiana de una mejor manera cada d\u00eda.<\/p>\n\n\n\n<p>Por eso les traemos diferentes libros sobre distintos temas que podr\u00e1n ser de utilidad para ustedes. Haremos una breve descripci\u00f3n de cada uno para que en familia o en soledad puedan decidir cu\u00e1l es el m\u00e1s acorde analizando por d\u00f3nde conviene empezar. Tal vez esta cuarentena extendida nos sirva para transitar otros mundos posibles.<\/p>\n\n\n\n<div class=\"wp-block-image\"><figure class=\"aligncenter size-large\"><img decoding=\"async\" src=\"https:\/\/lasilusiones.com.ar\/blog\/wp-content\/uploads\/2020\/08\/articuloooo.jpg\" alt=\"\" class=\"wp-image-604\"\/><\/figure><\/div>\n\n\n\n<ul class=\"wp-block-list\"><li>El primer libro que le traemos se llama \u201c<em>La ni\u00f1ez infectada\u201d<\/em>. Refleja la desdicha y la incertidumbre de esta \u00e9poca que nos afecta a todos y, en particular a los ni\u00f1os,\u00a0 planteando la natalidad de un tercer tiempo, en el que se inventa la realizaci\u00f3n de sucesos sensibles que parec\u00edan inviables. Para ayudar a los m\u00e1s peque\u00f1os, recomendamos acompa\u00f1arlos en la lectura, formar alianza con ellos. Mantener viva la experiencia infantil es la fuerza deseante, afectiva, que nos permite rescatar la vitalidad de la ni\u00f1ez.<\/li><\/ul>\n\n\n\n<ul class=\"wp-block-list\"><li><em>Educaci\u00f3n sexual integral: Una oportunidad para la ternura. <\/em>Este material rescata la idea sobre el derecho a una educaci\u00f3n sexual integral como una necesidad y como una oportunidad. Intenta dar herramientas sobre c\u00f3mo conversar con los m\u00e1s peque\u00f1os sobre estos temas que a\u00fan hoy nos resultan dif\u00edciles de abordar y busca dar respuesta a la gran pregunta \u00bfDe qu\u00e9 se trata acompa\u00f1ar como adultos la construcci\u00f3n de una sexualidad infantil que no encaja en ning\u00fan manual?&nbsp;<\/li><\/ul>\n\n\n\n<ul class=\"wp-block-list\"><li>Un tercer libro, muy interesante para estos tiempos, y es \u201c<em>Escuchar las infancias\u201d. <\/em>En \u00e9l podemos ver de qu\u00e9 manera<em> <\/em>el derecho a ser escuchado deber\u00eda aplicarse tanto a cada ni\u00f1o como a grupos de ni\u00f1os, por ejemplo, los alumnos\/as de una clase, los ni\u00f1os\/as de un barrio o un pa\u00eds, los ni\u00f1os\/as con discapacidades. Tambi\u00e9n observa que las condiciones de edad y madurez pueden evaluarse en la escucha individual del ni\u00f1o\/a o en grupos. Adem\u00e1s, plantea que es preciso alentarlos a formarse una opini\u00f3n y a expresarla, lo que implica el desarrollo activo de condiciones que lo sustenten. Los autores de esta obra proponen \u201cescuchar las infancias\u201d, en plural, por cuanto la realidad muestra la variedad de ni\u00f1os, ni\u00f1as y adolescentes, as\u00ed como tambi\u00e9n de sus condiciones de vida.&nbsp;<\/li><\/ul>\n\n\n\n<ul class=\"wp-block-list\"><li>Por \u00faltimo, les acercamos un t\u00edtulo que es una invitaci\u00f3n a entender un poco m\u00e1s sobre la condici\u00f3n de algunos ni\u00f1os y ni\u00f1as. El libro lleva por nombre \u201c<em>ADDH ni\u00f1os con d\u00e9ficit de atenci\u00f3n e hiperactividad\u201d. <\/em>Quien lea este libro podr\u00e1 sacar del encasillamiento a la persona bajo el r\u00f3tulo de ADDH y analizar de qu\u00e9 manera este constituye un fen\u00f3meno mundial caracterizado por el abuso de medicaci\u00f3n psicotr\u00f3pica en ni\u00f1os y adolescentes.<\/li><\/ul>\n\n\n\n<p>Esperamos que, partiendo de un encuadre multidisciplinario, estos libros (destinados a padres, docentes y profesionales de la salud que defienden la salud infantil a trav\u00e9s de una visi\u00f3n alternativa), puedan colaborar y enriquecer no s\u00f3lo nuestras mentes si no tambi\u00e9n nuestros esp\u00edritus.&nbsp;<\/p>\n","protected":false},"excerpt":{"rendered":"<p>Por Juan Ignacio Acosta En este momento creemos que es importante compartir informaci\u00f3n valiosa que brinde alternativas de instrucci\u00f3n y esparcimiento para transitar nuestra vida&hellip;<\/p>\n","protected":false},"author":1,"featured_media":602,"comment_status":"open","ping_status":"open","sticky":false,"template":"","format":"standard","meta":{"_monsterinsights_skip_tracking":false,"_monsterinsights_sitenote_active":false,"_monsterinsights_sitenote_note":"","_monsterinsights_sitenote_category":0,"footnotes":""},"categories":[4],"tags":[],"class_list":["post-601","post","type-post","status-publish","format-standard","has-post-thumbnail","hentry","category-articulo"],"_links":{"self":[{"href":"https:\/\/lasilusiones.com.ar\/blog\/wp-json\/wp\/v2\/posts\/601","targetHints":{"allow":["GET"]}}],"collection":[{"href":"https:\/\/lasilusiones.com.ar\/blog\/wp-json\/wp\/v2\/posts"}],"about":[{"href":"https:\/\/lasilusiones.com.ar\/blog\/wp-json\/wp\/v2\/types\/post"}],"author":[{"embeddable":true,"href":"https:\/\/lasilusiones.com.ar\/blog\/wp-json\/wp\/v2\/users\/1"}],"replies":[{"embeddable":true,"href":"https:\/\/lasilusiones.com.ar\/blog\/wp-json\/wp\/v2\/comments?post=601"}],"version-history":[{"count":0,"href":"https:\/\/lasilusiones.com.ar\/blog\/wp-json\/wp\/v2\/posts\/601\/revisions"}],"wp:featuredmedia":[{"embeddable":true,"href":"https:\/\/lasilusiones.com.ar\/blog\/wp-json\/"}],"wp:attachment":[{"href":"https:\/\/lasilusiones.com.ar\/blog\/wp-json\/wp\/v2\/media?parent=601"}],"wp:term":[{"taxonomy":"category","embeddable":true,"href":"https:\/\/lasilusiones.com.ar\/blog\/wp-json\/wp\/v2\/categories?post=601"},{"taxonomy":"post_tag","embeddable":true,"href":"https:\/\/lasilusiones.com.ar\/blog\/wp-json\/wp\/v2\/tags?post=601"}],"curies":[{"name":"wp","href":"https:\/\/api.w.org\/{rel}","templated":true}]}}