{"id":608,"date":"2020-08-25T12:22:03","date_gmt":"2020-08-25T15:22:03","guid":{"rendered":"https:\/\/lasilusiones.com.ar\/blog\/?p=608"},"modified":"2020-08-25T12:22:03","modified_gmt":"2020-08-25T15:22:03","slug":"convocatoria-de-artistas-con-discapacidad-extendida","status":"publish","type":"post","link":"https:\/\/lasilusiones.com.ar\/blog\/convocatoria-de-artistas-con-discapacidad-extendida\/","title":{"rendered":"Convocatoria de artistas con discapacidad extendida"},"content":{"rendered":"\n<p>La convocatoria para participar de la 4ta edici\u00f3n Festival Puentes Culturales se extendi\u00f3 hasta el 31 de agosto. Pueden participar personas de todo el pa\u00eds.<\/p>\n\n\n\n<div class=\"wp-block-image\"><figure class=\"aligncenter size-large\"><img decoding=\"async\" src=\"https:\/\/lasilusiones.com.ar\/blog\/wp-content\/uploads\/2020\/08\/Beige-and-Gray-Minimalist-Quote-Instagram-Post-1024x1024.jpg\" alt=\"\" class=\"wp-image-609\"\/><\/figure><\/div>\n\n\n\n<p>La participaci\u00f3n ofrece una oportunidad a los artistas para mostrar su arte y percibir una remuneraci\u00f3n por su trabajo. Su objetivo es derribar los mitos acerca de la discapacidad y acercar, a este colectivo, una oportunidad concreta de profesionalizaci\u00f3n de las artes.<\/p>\n\n\n\n<p>El festival, que se organiza desde el a\u00f1o 2016, adquiri\u00f3 su formato virtual a partir de la pandemia, por ello se transmitir\u00e1 por youtube siendo de acceso libre y gratuito para el espectador.<\/p>\n\n\n\n<p>Los candidatos al festival deben inscribirse enviando un mail a <a href=\"mailto:infopuentesculturales@gmail.com\">infopuentesculturales@gmail.com<\/a>. Luego los organizadores les informan las bases y condiciones de participaci\u00f3n. Las disciplinas convocadas para esta oportunidad son: teatro, m\u00fasica, canto, danza, danza teatro, teatro musical y comedia musical.<\/p>\n\n\n\n<p>Puentes Culturales se trata de un proyecto de la&nbsp;<strong>Compa\u00f1\u00eda de arte Las Ilusiones, <\/strong>con apoyo de <strong>ASDRA <\/strong>(Asociaci\u00f3n de S\u00edndrome de Down de la Rep\u00fablica Argentina) y&nbsp;<strong>COPIDIS<\/strong>&nbsp;(Comisi\u00f3n para la Plena Participaci\u00f3n e Inclusi\u00f3n de las Personas con Discapacidad) del Gobierno de la Ciudad.<\/p>\n\n\n\n<p>Juan Ignacio Acosta, uno de los impulsores de esta iniciativa y Director general de la Compa\u00f1\u00eda de arte inclusivo Las ilusiones, asegura que <em>\u201cLa cuarentena ha invadido todos los formatos conocidos hasta el momento. Y ahora es tiempo de reinventarse. Las artes no est\u00e1n ajenas a esto y es por ello que desde Las Ilusiones seguimos apoyando el arte inclusivo. La virtualidad es el canal que nos posibilitar\u00e1 que los artistas con discapacidad sigan siendo valorados en el campo de la cultura. Puentes Culturales 4ta edici\u00f3n es una marca registrada en el colectivo de personas con discapacidad y por eso es de suma importancia seguir haci\u00e9ndolo\u201d.<\/em><\/p>\n\n\n\n<p>Por su parte, Cinthia \u00c1vila, coordinadora de Puentes Culturales y Vicedirectora de la Compa\u00f1\u00eda de arte inclusivo Las Ilusiones, explica que <em>\u201capostar a Puentes Culturales en su cuarta edici\u00f3n en situaci\u00f3n de aislamiento debido a la pandemia del Covid19, simboliza elegir el arte como fuente cultural para acompa\u00f1ar al p\u00fablico en sus hogares con espect\u00e1culos gratuitos que les permitan disfrutar como espectadores momentos de ocio como un derecho humano y de gran necesidad en esta ocasi\u00f3n tan&nbsp; particular, con el objetivo central de esta plataforma que cada a\u00f1o facilita un espacio para promover el trabajo de artistas con discapacidad\u201d.<\/em><\/p>\n\n\n\n<p><strong>#SigamosConstruyendoPuentes<\/strong><\/p>\n\n\n\n<p>La convocatoria se encuentra abierta hasta el 31 de agosto. Los artistas que deseen participar deben escribir a&nbsp;<a href=\"mailto:infopuentesculturales@gmail.com\" target=\"_blank\" rel=\"noreferrer noopener\">infopuentesculturales@gmail.com<\/a> para recibir las bases y condiciones.<\/p>\n\n\n\n<p><\/p>\n","protected":false},"excerpt":{"rendered":"<p>La convocatoria para participar de la 4ta edici\u00f3n Festival Puentes Culturales se extendi\u00f3 hasta el 31 de agosto. Pueden participar personas de todo el pa\u00eds.&hellip;<\/p>\n","protected":false},"author":1,"featured_media":609,"comment_status":"open","ping_status":"open","sticky":false,"template":"","format":"standard","meta":{"_monsterinsights_skip_tracking":false,"_monsterinsights_sitenote_active":false,"_monsterinsights_sitenote_note":"","_monsterinsights_sitenote_category":0,"footnotes":""},"categories":[4],"tags":[],"class_list":["post-608","post","type-post","status-publish","format-standard","has-post-thumbnail","hentry","category-articulo"],"_links":{"self":[{"href":"https:\/\/lasilusiones.com.ar\/blog\/wp-json\/wp\/v2\/posts\/608","targetHints":{"allow":["GET"]}}],"collection":[{"href":"https:\/\/lasilusiones.com.ar\/blog\/wp-json\/wp\/v2\/posts"}],"about":[{"href":"https:\/\/lasilusiones.com.ar\/blog\/wp-json\/wp\/v2\/types\/post"}],"author":[{"embeddable":true,"href":"https:\/\/lasilusiones.com.ar\/blog\/wp-json\/wp\/v2\/users\/1"}],"replies":[{"embeddable":true,"href":"https:\/\/lasilusiones.com.ar\/blog\/wp-json\/wp\/v2\/comments?post=608"}],"version-history":[{"count":0,"href":"https:\/\/lasilusiones.com.ar\/blog\/wp-json\/wp\/v2\/posts\/608\/revisions"}],"wp:featuredmedia":[{"embeddable":true,"href":"https:\/\/lasilusiones.com.ar\/blog\/wp-json\/"}],"wp:attachment":[{"href":"https:\/\/lasilusiones.com.ar\/blog\/wp-json\/wp\/v2\/media?parent=608"}],"wp:term":[{"taxonomy":"category","embeddable":true,"href":"https:\/\/lasilusiones.com.ar\/blog\/wp-json\/wp\/v2\/categories?post=608"},{"taxonomy":"post_tag","embeddable":true,"href":"https:\/\/lasilusiones.com.ar\/blog\/wp-json\/wp\/v2\/tags?post=608"}],"curies":[{"name":"wp","href":"https:\/\/api.w.org\/{rel}","templated":true}]}}