{"id":61,"date":"2016-10-21T10:12:30","date_gmt":"2016-10-21T13:12:30","guid":{"rendered":"https:\/\/lasilusiones.com.ar\/blog\/?p=61"},"modified":"2016-10-21T10:12:30","modified_gmt":"2016-10-21T13:12:30","slug":"noticiero-vision-7-tv-publica-obra-teatral-locos-de-verano","status":"publish","type":"post","link":"https:\/\/lasilusiones.com.ar\/blog\/noticiero-vision-7-tv-publica-obra-teatral-locos-de-verano\/","title":{"rendered":"Noticiero Visi\u00f3n 7 &#8211; Tv P\u00fablica | Obra teatral &#8220;Locos de Verano&#8221;"},"content":{"rendered":"<p>El Director de la Escuela de Arte Las Ilusiones, Juan Ignacio Acosta V, fue entrevistado junto a actores de la Compa\u00f1\u00eda para el noticiero Visi\u00f3n 7 de la TV P\u00fablica.<\/p>\n<p><iframe loading=\"lazy\" title=\"Noticiero Visi\u00f3n 7 - Tv P\u00fablica | Obra teatral &quot;Locos de Verano&quot;\" width=\"525\" height=\"394\" src=\"https:\/\/www.youtube.com\/embed\/hxQNRPldaOw?start=12&#038;feature=oembed\" frameborder=\"0\" allow=\"accelerometer; autoplay; clipboard-write; encrypted-media; gyroscope; picture-in-picture; web-share\" referrerpolicy=\"strict-origin-when-cross-origin\" allowfullscreen><\/iframe><\/p>\n","protected":false},"excerpt":{"rendered":"<p>El Director de la Escuela de Arte Las Ilusiones, Juan Ignacio Acosta V, fue entrevistado junto a actores de la Compa\u00f1\u00eda para el noticiero Visi\u00f3n&hellip;<\/p>\n","protected":false},"author":1,"featured_media":63,"comment_status":"open","ping_status":"open","sticky":false,"template":"","format":"standard","meta":{"_monsterinsights_skip_tracking":false,"_monsterinsights_sitenote_active":false,"_monsterinsights_sitenote_note":"","_monsterinsights_sitenote_category":0,"footnotes":""},"categories":[8],"tags":[26,27,29,31,34,37,49,51],"class_list":["post-61","post","type-post","status-publish","format-standard","has-post-thumbnail","hentry","category-prensa","tag-discapacidad","tag-entrevista","tag-inclusion","tag-integracion","tag-las-ilusiones","tag-nota","tag-teatro","tag-television"],"_links":{"self":[{"href":"https:\/\/lasilusiones.com.ar\/blog\/wp-json\/wp\/v2\/posts\/61","targetHints":{"allow":["GET"]}}],"collection":[{"href":"https:\/\/lasilusiones.com.ar\/blog\/wp-json\/wp\/v2\/posts"}],"about":[{"href":"https:\/\/lasilusiones.com.ar\/blog\/wp-json\/wp\/v2\/types\/post"}],"author":[{"embeddable":true,"href":"https:\/\/lasilusiones.com.ar\/blog\/wp-json\/wp\/v2\/users\/1"}],"replies":[{"embeddable":true,"href":"https:\/\/lasilusiones.com.ar\/blog\/wp-json\/wp\/v2\/comments?post=61"}],"version-history":[{"count":0,"href":"https:\/\/lasilusiones.com.ar\/blog\/wp-json\/wp\/v2\/posts\/61\/revisions"}],"wp:featuredmedia":[{"embeddable":true,"href":"https:\/\/lasilusiones.com.ar\/blog\/wp-json\/"}],"wp:attachment":[{"href":"https:\/\/lasilusiones.com.ar\/blog\/wp-json\/wp\/v2\/media?parent=61"}],"wp:term":[{"taxonomy":"category","embeddable":true,"href":"https:\/\/lasilusiones.com.ar\/blog\/wp-json\/wp\/v2\/categories?post=61"},{"taxonomy":"post_tag","embeddable":true,"href":"https:\/\/lasilusiones.com.ar\/blog\/wp-json\/wp\/v2\/tags?post=61"}],"curies":[{"name":"wp","href":"https:\/\/api.w.org\/{rel}","templated":true}]}}