{"id":617,"date":"2020-09-02T15:38:56","date_gmt":"2020-09-02T18:38:56","guid":{"rendered":"https:\/\/lasilusiones.com.ar\/blog\/?p=617"},"modified":"2020-09-02T15:38:56","modified_gmt":"2020-09-02T18:38:56","slug":"teatro-inclusivo-una-posibilidad-para-derribar-los-mitos-sobre-la-discapacidad-intelectual","status":"publish","type":"post","link":"https:\/\/lasilusiones.com.ar\/blog\/teatro-inclusivo-una-posibilidad-para-derribar-los-mitos-sobre-la-discapacidad-intelectual\/","title":{"rendered":"Teatro Inclusivo, una posibilidad para derribar los mitos sobre la discapacidad intelectual"},"content":{"rendered":"\n<p><strong>Vuelve el ciclo gratuito que visibiliza el arte producido por artistas con s\u00edndrome de down.<\/strong><\/p>\n\n\n\n<p>Es la tercera cartelera online que programa la Compa\u00f1\u00eda de arte inclusiva Las ilusiones durante este a\u00f1o, con el fin de llevar entretenimiento a las familias y garantizar el acceso a la cultura de las personas con discapacidad.<\/p>\n\n\n\n<p>Las Ilusiones, que lleva 12 a\u00f1os de trabajo ininterrumpidos, cuenta con m\u00e1s de 100 producciones en su haber y es parte del trabajo que se pudo ver a lo largo de cada edici\u00f3n del ciclo. Cabe destacar que todos los s\u00e1bados se programa una obra distinta ofreciendo una gran pluralidad de espect\u00e1culos disponibles.<\/p>\n\n\n\n<figure class=\"wp-block-image size-large\"><img decoding=\"async\" src=\"https:\/\/lasilusiones.com.ar\/blog\/wp-content\/uploads\/2020\/09\/32-1024x991.jpg\" alt=\"\" class=\"wp-image-618\"\/><figcaption>&#8220;Sue\u00f1o de una Noche de Verano&#8221;, la primera obra de teatro realizada por actores con s\u00edndrome de down que lleg\u00f3 a calle Corrientes.<\/figcaption><\/figure>\n\n\n\n<p>Para esta oportunidad se busc\u00f3 exhibir t\u00edtulos reconocidos por el p\u00fablico. Son adaptaciones de piezas memorables, de gran po\u00e9tica reflejada en las distintas puestas esc\u00e9nicas.<\/p>\n\n\n\n<p>\u201c<em><strong>Este ciclo que se renueva busca la posibilidad de acercarnos a las familias nuevamente con una propuesta distinta a las funciones de manera presencial. Son obras estrenadas en el a\u00f1o 2018 por lo que realizaron un gran tr\u00e1nsito y exposici\u00f3n. La cuarentena se extiende entonces hacer llegar una propuesta art\u00edstica inclusiva pensada para el colectivo de personas con discapacidad, sobre todo intelectual, es apostar al arte en todo sentido sin buscar lucro porque el ciclo es totalmente gratuito<\/strong><\/em>\u201d, aseguro el curador de la cartelera y director general de Las Ilusiones, Juan Ignacio Acosta.<\/p>\n\n\n\n<p>El link de acceso es publicado los d\u00edas s\u00e1bados a las 20hs a trav\u00e9s de la fanpage de Facebook de la Compa\u00f1\u00eda y queda visible por 24hs.<\/p>\n\n\n\n<p>La cartelera online se inicia el s\u00e1bado 5 de septiembre y se extiende hasta el s\u00e1bado 31 de octubre. Son nueve puestas esc\u00e9nicas en total que el p\u00fablico podr\u00e1 disfrutar de manera online y totalmente gratuita.<\/p>\n\n\n\n<p>Facebook:&nbsp;<a href=\"https:\/\/www.facebook.com\/LasIlusionesDeAlicia\/\">Las Ilusiones \u2013 Compa\u00f1\u00eda de arte inclusiva<\/a>&nbsp;o haciendo click en&nbsp;<a href=\"https:\/\/www.facebook.com\/LasIlusionesDeAlicia\/\">https:\/\/www.facebook.com\/LasIlusionesDeAlicia\/<\/a><\/p>\n\n\n\n<figure class=\"wp-block-image size-large\"><img decoding=\"async\" src=\"https:\/\/lasilusiones.com.ar\/blog\/wp-content\/uploads\/2020\/09\/jeta-final-3-1024x683.jpg\" alt=\"\" class=\"wp-image-620\"\/><figcaption>Actrices de la obra &#8220;Jetta Mala Onda&#8221; en escena<\/figcaption><\/figure>\n\n\n\n<p><strong><u>Cartelera<\/u><\/strong><\/p>\n\n\n\n<p>Septiembre<\/p>\n\n\n\n<p>S\u00e1bado 5 &#8211; \u201cPor qu\u00e9 en primavera\u201d<\/p>\n\n\n\n<p>S\u00e1bado 12 &#8211; \u201cExtra\u00f1o mundo de Jack\u201d<\/p>\n\n\n\n<p>S\u00e1bado 19 &#8211; \u201cLa operaci\u00f3n de los dos centavos\u201d<\/p>\n\n\n\n<p>S\u00e1bado 26 &#8211; \u201cLa nonna\u201d<\/p>\n\n\n\n<p><\/p>\n","protected":false},"excerpt":{"rendered":"<p>Vuelve el ciclo gratuito que visibiliza el arte producido por artistas con s\u00edndrome de down. Es la tercera cartelera online que programa la Compa\u00f1\u00eda de&hellip;<\/p>\n","protected":false},"author":1,"featured_media":619,"comment_status":"open","ping_status":"open","sticky":false,"template":"","format":"standard","meta":{"_monsterinsights_skip_tracking":false,"_monsterinsights_sitenote_active":false,"_monsterinsights_sitenote_note":"","_monsterinsights_sitenote_category":0,"footnotes":""},"categories":[3,4],"tags":[],"class_list":["post-617","post","type-post","status-publish","format-standard","has-post-thumbnail","hentry","category-actividades","category-articulo"],"_links":{"self":[{"href":"https:\/\/lasilusiones.com.ar\/blog\/wp-json\/wp\/v2\/posts\/617","targetHints":{"allow":["GET"]}}],"collection":[{"href":"https:\/\/lasilusiones.com.ar\/blog\/wp-json\/wp\/v2\/posts"}],"about":[{"href":"https:\/\/lasilusiones.com.ar\/blog\/wp-json\/wp\/v2\/types\/post"}],"author":[{"embeddable":true,"href":"https:\/\/lasilusiones.com.ar\/blog\/wp-json\/wp\/v2\/users\/1"}],"replies":[{"embeddable":true,"href":"https:\/\/lasilusiones.com.ar\/blog\/wp-json\/wp\/v2\/comments?post=617"}],"version-history":[{"count":0,"href":"https:\/\/lasilusiones.com.ar\/blog\/wp-json\/wp\/v2\/posts\/617\/revisions"}],"wp:featuredmedia":[{"embeddable":true,"href":"https:\/\/lasilusiones.com.ar\/blog\/wp-json\/"}],"wp:attachment":[{"href":"https:\/\/lasilusiones.com.ar\/blog\/wp-json\/wp\/v2\/media?parent=617"}],"wp:term":[{"taxonomy":"category","embeddable":true,"href":"https:\/\/lasilusiones.com.ar\/blog\/wp-json\/wp\/v2\/categories?post=617"},{"taxonomy":"post_tag","embeddable":true,"href":"https:\/\/lasilusiones.com.ar\/blog\/wp-json\/wp\/v2\/tags?post=617"}],"curies":[{"name":"wp","href":"https:\/\/api.w.org\/{rel}","templated":true}]}}