{"id":626,"date":"2020-09-09T00:58:24","date_gmt":"2020-09-09T03:58:24","guid":{"rendered":"https:\/\/lasilusiones.com.ar\/blog\/?p=626"},"modified":"2020-09-09T00:58:24","modified_gmt":"2020-09-09T03:58:24","slug":"festival-virtual-de-artistas-con-discapacidad","status":"publish","type":"post","link":"https:\/\/lasilusiones.com.ar\/blog\/festival-virtual-de-artistas-con-discapacidad\/","title":{"rendered":"Festival virtual de artistas con discapacidad"},"content":{"rendered":"\n<p>Comienza Puentes Culturales. Ser\u00e1n cinco espect\u00e1culos gratuitos v\u00eda streaming.<\/p>\n\n\n\n<figure class=\"wp-block-image size-large is-resized\"><img loading=\"lazy\" decoding=\"async\" src=\"https:\/\/lasilusiones.com.ar\/blog\/wp-content\/uploads\/2020\/09\/24-de-abril-26.jpg\" alt=\"\" class=\"wp-image-627\" width=\"580\" height=\"387\"\/><figcaption>Concierto en Teatro La Casona, a\u00f1o 2018<\/figcaption><\/figure>\n\n\n\n<p><strong>Puentes Culturales<\/strong>&nbsp;cuarta edici\u00f3n es un festival de artistas con discapacidad que demuestran sus talentos y capacidad en diversas disciplinas. En esta oportunidad se podr\u00e1 ver v\u00eda streaming la destreza de bailarines, actores y cantantes de manera gratuita, con espect\u00e1culos pensados para la familia. La iniciativa busca fomentar el arte como un trabajo, por lo tanto la participaci\u00f3n de todos los artistas es remunerada.<\/p>\n\n\n\n<p>El festival, que se organiza desde el 2016, tiene por objetivos desarrollar un <strong>espacio de igualdad de oportunidades y<\/strong> <strong>derribar mitos sociales sobre este colectivo. <\/strong>A partir de la pandemia adquiri\u00f3 un formato digital,por ello la transmisi\u00f3n ser\u00e1 por youtube siendo de acceso libre y gratuito para el espectador.&nbsp;<\/p>\n\n\n\n<p>El primer espect\u00e1culo est\u00e1 programado para el pr\u00f3ximo 26 de septiembre a las 19hs. El elenco de danza llamado \u201cGrupo Alma\u201d se presenta virtualmente con la Obra &#8220;Devenir-es&#8221;.<\/p>\n\n\n\n<p>El espect\u00e1culo podr\u00e1 verse a trav\u00e9s del canal de youtube de Puentes Culturales:<\/p>\n\n\n\n<p><a href=\"https:\/\/www.youtube.com\/channel\/UCgy0wR0eZhqyY7Lx2od3weQ\">https:\/\/www.youtube.com\/channel\/UCgy0wR0eZhqyY7Lx2od3weQ<\/a><\/p>\n\n\n\n<p>El proyecto impulsado por la&nbsp;<strong>Compa\u00f1\u00eda de arte Las Ilusiones, <\/strong>cuentacon apoyo de <strong>ASDRA <\/strong>(Asociaci\u00f3n de S\u00edndrome de Down de la Rep\u00fablica Argentina) y&nbsp;<strong>COPIDIS<\/strong>&nbsp;(Comisi\u00f3n para la Plena Participaci\u00f3n e Inclusi\u00f3n de las Personas con Discapacidad) del Gobierno de la Ciudad de Buenos Aires.<\/p>\n\n\n\n<figure class=\"wp-block-image size-large\"><img decoding=\"async\" src=\"https:\/\/lasilusiones.com.ar\/blog\/wp-content\/uploads\/2020\/09\/WhatsApp-Image-2019-10-23-at-17.19.09-1024x1024.jpeg\" alt=\"\" class=\"wp-image-629\"\/><\/figure>\n\n\n\n<p>Juan Ignacio Acosta, uno de los impulsores de esta iniciativa y Director general de la Compa\u00f1\u00eda de arte inclusivo Las ilusiones, asegura que <em>\u201cLa cuarentena ha invadido todos los formatos conocidos hasta el momento. Y ahora es tiempo de reinventarse. Las artes no est\u00e1n ajenas a esto y es por ello que desde Las Ilusiones seguimos apoyando el arte inclusivo. La virtualidad es el canal que nos posibilitar\u00e1 que los artistas con discapacidad sigan siendo valorados en el campo de la cultura. Puentes Culturales 4ta edici\u00f3n es una marca registrada en el colectivo de personas con discapacidad y por eso es de suma importancia seguir haci\u00e9ndolo\u201d.<\/em><\/p>\n\n\n\n<p>Por su parte, Cinthia \u00c1vila, coordinadora de Puentes Culturales y Vicedirectora de la Compa\u00f1\u00eda de arte inclusivo Las Ilusiones, explica que <em>\u201capostar a &#8220;Puentes Culturales&#8221; en su cuarta edici\u00f3n en situaci\u00f3n de aislamiento debido a la pandemia del Covid19, simboliza elegir el arte como fuente cultural para acompa\u00f1ar al p\u00fablico en sus hogares con espect\u00e1culos gratuitos que les permitan disfrutar como espectadores momentos de ocio como un derecho humano y de gran necesidad en esta ocasi\u00f3n tan&nbsp; particular, con el objetivo central de esta plataforma que cada a\u00f1o facilita un espacio para promover el trabajo de artistas con discapacidad\u201d.<\/em><\/p>\n\n\n\n<p><strong>#SigamosConstruyendoPuentes<\/strong><\/p>\n\n\n\n<p><strong><u>Cartelera:<\/u><\/strong><\/p>\n\n\n\n<p><strong>S\u00e1bado 26 de septiembre | 19hs<\/strong><\/p>\n\n\n\n<p>Elenco: Grupo Alma<\/p>\n\n\n\n<p>Obra: &#8220;Devenir-es&#8221;&nbsp;<\/p>\n\n\n\n<p>Disciplina: Danza<\/p>\n\n\n\n<p><\/p>\n\n\n\n<p><strong>S\u00e1bado 10 de octubre | dos presentaciones | a partir de las 19hs<\/strong><\/p>\n\n\n\n<p>Artista: Catalina Centuri\u00f3n<\/p>\n\n\n\n<p>Obra: &#8220;Mimo&#8221;<\/p>\n\n\n\n<p>Disciplina: Teatro<\/p>\n\n\n\n<p><\/p>\n\n\n\n<p>Obra: &#8220;Peter Pan&#8221;<\/p>\n\n\n\n<p>Disciplina: Comedia Musical<\/p>\n\n\n\n<p>Direcci\u00f3n: Mariana Poitevin<\/p>\n\n\n\n<p><\/p>\n\n\n\n<p><strong>S\u00e1bado 7 de noviembre | dos presentaciones | a partir de las 19hs<\/strong><\/p>\n\n\n\n<p>Elenco: Somos Uno<\/p>\n\n\n\n<p>Obra: &#8220;Libres en cuarentena&#8221;&nbsp;<\/p>\n\n\n\n<p>Disciplina: Danza Teatro&nbsp;<\/p>\n\n\n\n<p><\/p>\n\n\n\n<p>Grupo: &#8220;Fusi\u00f3n NikyEv\u201d<\/p>\n\n\n\n<p>Obra: Nostalgia&nbsp;<\/p>\n\n\n\n<p>Disciplina: Danza<\/p>\n\n\n\n<p><\/p>\n\n\n\n<p><strong><u>Redes sociales:<\/u><\/strong><\/p>\n\n\n\n<figure class=\"wp-block-embed-facebook wp-block-embed\"><div class=\"wp-block-embed__wrapper\">\nhttps:\/\/www.facebook.com\/Puentes-Culturales-1161591647265179\/?fref=ts\n<\/div><\/figure>\n\n\n\n<p><a href=\"https:\/\/www.instagram.com\/puentesculturales\/?hl=es-la\">https:\/\/www.instagram.com\/puentesculturales\/?hl=es-la<\/a><\/p>\n","protected":false},"excerpt":{"rendered":"<p>Comienza Puentes Culturales. Ser\u00e1n cinco espect\u00e1culos gratuitos v\u00eda streaming. Puentes Culturales&nbsp;cuarta edici\u00f3n es un festival de artistas con discapacidad que demuestran sus talentos y capacidad&hellip;<\/p>\n","protected":false},"author":1,"featured_media":628,"comment_status":"open","ping_status":"open","sticky":false,"template":"","format":"standard","meta":{"_monsterinsights_skip_tracking":false,"_monsterinsights_sitenote_active":false,"_monsterinsights_sitenote_note":"","_monsterinsights_sitenote_category":0,"footnotes":""},"categories":[3,4],"tags":[],"class_list":["post-626","post","type-post","status-publish","format-standard","has-post-thumbnail","hentry","category-actividades","category-articulo"],"_links":{"self":[{"href":"https:\/\/lasilusiones.com.ar\/blog\/wp-json\/wp\/v2\/posts\/626","targetHints":{"allow":["GET"]}}],"collection":[{"href":"https:\/\/lasilusiones.com.ar\/blog\/wp-json\/wp\/v2\/posts"}],"about":[{"href":"https:\/\/lasilusiones.com.ar\/blog\/wp-json\/wp\/v2\/types\/post"}],"author":[{"embeddable":true,"href":"https:\/\/lasilusiones.com.ar\/blog\/wp-json\/wp\/v2\/users\/1"}],"replies":[{"embeddable":true,"href":"https:\/\/lasilusiones.com.ar\/blog\/wp-json\/wp\/v2\/comments?post=626"}],"version-history":[{"count":0,"href":"https:\/\/lasilusiones.com.ar\/blog\/wp-json\/wp\/v2\/posts\/626\/revisions"}],"wp:featuredmedia":[{"embeddable":true,"href":"https:\/\/lasilusiones.com.ar\/blog\/wp-json\/"}],"wp:attachment":[{"href":"https:\/\/lasilusiones.com.ar\/blog\/wp-json\/wp\/v2\/media?parent=626"}],"wp:term":[{"taxonomy":"category","embeddable":true,"href":"https:\/\/lasilusiones.com.ar\/blog\/wp-json\/wp\/v2\/categories?post=626"},{"taxonomy":"post_tag","embeddable":true,"href":"https:\/\/lasilusiones.com.ar\/blog\/wp-json\/wp\/v2\/tags?post=626"}],"curies":[{"name":"wp","href":"https:\/\/api.w.org\/{rel}","templated":true}]}}