{"id":637,"date":"2020-09-10T14:36:00","date_gmt":"2020-09-10T17:36:00","guid":{"rendered":"https:\/\/lasilusiones.com.ar\/blog\/?p=637"},"modified":"2020-09-10T14:36:00","modified_gmt":"2020-09-10T17:36:00","slug":"entrevista-en-canal-abierto-juan-ignacio-acosta","status":"publish","type":"post","link":"https:\/\/lasilusiones.com.ar\/blog\/entrevista-en-canal-abierto-juan-ignacio-acosta\/","title":{"rendered":"Entrevista en Canal Abierto| Juan Ignacio Acosta"},"content":{"rendered":"\n<p>El Director General Juan Ignacio Acosa brind\u00f3 una nota para Canal Abierto. Te compartimos aqu\u00ed la nota completa.<\/p>\n\n\n\n<p><em>Fuente : Canal Abierto<\/em><\/p>\n\n\n\n<h2 class=\"wp-block-heading\"><strong>\u201cConsumir arte inclusivo no es caridad, es un acto creativo\u201d<\/strong><\/h2>\n\n\n\n<p><strong>Redacci\u00f3n Canal Abierto |&nbsp;<\/strong>La compa\u00f1\u00eda de arte Las Ilusiones lleva doce a\u00f1os de trabajo ininterrumpidos, cuenta con m\u00e1s de cien producciones en su haber, y&nbsp;<strong>vio en el teatro inclusivo una posibilidad para derribar mitos sobre la discapacidad intelectual<\/strong>.<\/p>\n\n\n\n<p>En la tercera cartelera online que programa este a\u00f1o,&nbsp;<strong>el ciclo gratuito visibiliza el arte producido por artistas con s\u00edndrome de Down<\/strong>, con el fin de llevar entretenimiento a personas con discapacidad intelectual y sus familias garantizando el acceso a la cultura de dicho colectivo social.<\/p>\n\n\n\n<p>Para esta oportunidad buscaron exhibir t\u00edtulos reconocidos por el p\u00fablico. Son adaptaciones de piezas memorables, de gran po\u00e9tica reflejada en las distintas puestas esc\u00e9nicas. El link de acceso es publicado los s\u00e1bados a las 20 en el&nbsp;<a href=\"https:\/\/www.facebook.com\/LasIlusionesDeAlicia\" target=\"_blank\" rel=\"noreferrer noopener\">Facebook de la Compa\u00f1\u00eda<\/a>&nbsp;y queda visible por 24 horas.<\/p>\n\n\n\n<p><strong>Canal Abierto<\/strong>\u00a0dialog\u00f3 con Juan Ignacio Acosta, director general de la compa\u00f1\u00eda, quien dio detalles del trabajo que realizan, la adaptaci\u00f3n a la nueva normalidad, y la importancia de consumir arte inclusivo.<\/p>\n\n\n\n<figure class=\"wp-block-image size-large\"><img decoding=\"async\" src=\"https:\/\/lasilusiones.com.ar\/blog\/wp-content\/uploads\/2020\/09\/compania.jpg\" alt=\"\" class=\"wp-image-638\"\/><\/figure>\n\n\n\n<h5 class=\"wp-block-heading\"><strong>\u00bfQu\u00e9 es y qu\u00e9 se hace en Las Ilusiones? \u00bfTuvieron que readaptar las producciones por la cuarentena?<\/strong><\/h5>\n\n\n\n<p>\u2013<strong>La compa\u00f1\u00eda nuclea a casi 500 artistas con y sin discapacidad.<\/strong>&nbsp;Es una compa\u00f1\u00eda inclusiva de arte. Venimos trabajando hace 12 a\u00f1os y siempre nuestros ciclos fueron presenciales. Debido a la cuarentena los transformamos a manera virtual y totalmente gratuitos. Cuando eran presenciales, si bien la entrada era muy accesible, era paga.<\/p>\n\n\n\n<p>Nos pareci\u00f3 que en este contexto deb\u00edamos darles la posibilidad a todas las familias y que no sea un impedimento. Sabemos todo lo que se est\u00e1 viviendo en el pa\u00eds tambi\u00e9n a nivel econ\u00f3mico y social, y nos pareci\u00f3 que una manera de difundir el trabajo art\u00edstico, de arte inclusivo y nuestro trabajo deb\u00eda ir m\u00e1s all\u00e1 de lo econ\u00f3mico. Por eso todos los ciclos de este a\u00f1o fueron totalmente gratuitos y de acceso libre.<\/p>\n\n\n\n<h5 class=\"wp-block-heading\"><strong>\u00bfQu\u00e9 es lo que se ver\u00e1 en este tercer ciclo?<\/strong><\/h5>\n\n\n\n<p>-Lo que buscamos en este tercer ciclo \u2013que seguramente sea el \u00faltimo del a\u00f1o porque despu\u00e9s ya vienen los estrenos- era mostrar obras emblem\u00e1ticas de Las Ilusiones, que tuvieran mayor recorrido art\u00edstico. Por ejemplo,<strong><em>&nbsp;Sue\u00f1o de una noche de verano<\/em>&nbsp;estuvo en el Teatro Picadilly<\/strong>, un teatro comercial.<\/p>\n\n\n\n<p>Por otro lado la b\u00fasqueda tambi\u00e9n fueron las obras m\u00e1s nuevas que tenemos en nuestro haber, que al ser las \u00faltimas tienen un mejor trabajo art\u00edstico, m\u00e1s desarrollo po\u00e9tico, las puestas son m\u00e1s grandes porque obviamente vamos nosotros tambi\u00e9n creciendo como compa\u00f1\u00eda.<\/p>\n\n\n\n<h5 class=\"wp-block-heading\"><strong>\u00bfCu\u00e1l es el sentido y la forma que le dan a la inclusi\u00f3n en la compa\u00f1\u00eda?<\/strong><\/h5>\n\n\n\n<p>-Las Ilusiones es un movimiento, es una forma de comprender el mundo. Parece muy po\u00e9tico \u2013lo es- pero tambi\u00e9n es una realidad y es concreto. Las Ilusiones tiene una posici\u00f3n en la vida. Como cabeza de compa\u00f1\u00eda tengo una frase que me gusta mucho que es:&nbsp;<strong>Mientras acepto la diversidad del otro, estoy aceptando mi propia diversidad.<\/strong>&nbsp;Yo tambi\u00e9n soy distinto a otros, no es que las personas con discapacidad son distintas, somos distintos todos.<\/p>\n\n\n\n<p>En ese sentido, la b\u00fasqueda de Las Ilusiones realmente es incluirnos, aceptarnos tal cual somos, con todas nuestras virtudes y nuestras debilidades, y entender que&nbsp;<strong>la discapacidad es una caracter\u00edstica m\u00e1s del individuo pero que no lo define.<\/strong>&nbsp;Suma dentro de otras cosas que esa persona tiene. Partiendo de ese lugar nosotros entendemos y construimos acompa\u00f1\u00e1ndonos.<\/p>\n\n\n\n<h5 class=\"wp-block-heading\"><strong>\u00bfC\u00f3mo est\u00e1 hoy la cultura? A tu entender, \u00bfSe vio afectada por la cuarentena?<\/strong><\/h5>\n\n\n\n<p>-A nivel general, sin dudas&nbsp;<strong>la cultura es uno de los sectores que se ha visto m\u00e1s afectado<\/strong>. Hay un mont\u00f3n de teatros que cerraron sus puertas y qui\u00e9n sabe si van a volver a abrirlas despu\u00e9s de la cuarentena. Es un momento muy dif\u00edcil, de resistencia, pero no desde un lugar rebelde sino de acompa\u00f1amiento, de fortalecimiento, de estar unos con otros estimul\u00e1ndonos creativamente.<\/p>\n\n\n\n<p>Las Ilusiones, al ser tantos, tuvo la posibilidad de reinventarse r\u00e1pidamente. Intentamos tambi\u00e9n que el espacio de formaci\u00f3n no se pierda. Habilitamos clases por Zoom, damos clases gratuitas por YouTube donde todas las personas tienen acceso. Las Ilusiones pudo y est\u00e1 pudiendo reinventarse y acomodarse a este nuevo contexto, que obviamente nos afecta a todos en m\u00e1s o menor medida, pero lo hace, y estamos intentando salir airosos.<\/p>\n\n\n\n<blockquote class=\"wp-block-quote is-layout-flow wp-block-quote-is-layout-flow\"><p>Tenemos que seguir acompa\u00f1ando a nuestros artistas, que muchos tambi\u00e9n han perdido acceso a la conectividad o a la tecnolog\u00eda por tener una sola computadora en la casa o un solo celular. Es un momento en el que hay que apuntar todos los ca\u00f1ones a lo social, a ser m\u00e1s humanos. Me parece que la cuarentena no est\u00e1 invitando a eso, a convertirnos en seres m\u00e1s humanos, menos distantes y m\u00e1s compenetrados con lo que nos pasa.<\/p><\/blockquote>\n\n\n\n<h5 class=\"wp-block-heading\"><strong>\u00bfHay alg\u00fan mensaje que quieras dar sobre esta forma de vivir y hacer arte?<\/strong><\/h5>\n\n\n\n<p>-Invitar\u00eda a la sociedad a que se involucre.&nbsp;<strong>Involucrarse no es trabajar para las personas con discapacidad, es ver las obras, compartirlas<\/strong>, decir \u201cesta me gust\u00f3 o esta no, o esta est\u00e1 buen\u00edsima, mirala\u201d, \u201cact\u00faan chicos con discapacidad, mira qu\u00e9 bueno que est\u00e1\u201d. Que quienes tienen hijos sin discapacidad puedan ver obras en familia. Eso es lo que siempre intento comunicar, hacer una invitaci\u00f3n y que aprovechen esta oportunidad \u2013que adem\u00e1s es gratuita- para compartir un buen rato en familia, algo totalmente distinto a lo que est\u00e1 habituado por el arte, y a aprender que hay otros mundos posibles, valios\u00edsimos y hermosos a nivel creativo.<strong>&nbsp;No es un acto de caridad ir a ver una obra de teatro con chicos con s\u00edndrome de Down, es un acto creativo.<\/strong><\/p>\n\n\n\n<p><em>Fuente: Canal Abierto | Link de la nota completa:<\/em><\/p>\n\n\n\n<p><a rel=\"noreferrer noopener\" href=\"https:\/\/canalabierto.com.ar\/2020\/09\/08\/consumir-arte-inclusivo-no-es-caridad-es-un-acto-creativo\/\" target=\"_blank\">https:\/\/canalabierto.com.ar\/2020\/09\/08\/consumir-arte-inclusivo-no-es-caridad-es-un-acto-creativo<\/a><\/p>\n\n\n\n<p><\/p>\n","protected":false},"excerpt":{"rendered":"<p>El Director General Juan Ignacio Acosa brind\u00f3 una nota para Canal Abierto. Te compartimos aqu\u00ed la nota completa. Fuente : Canal Abierto \u201cConsumir arte inclusivo&hellip;<\/p>\n","protected":false},"author":1,"featured_media":638,"comment_status":"open","ping_status":"open","sticky":false,"template":"","format":"standard","meta":{"_monsterinsights_skip_tracking":false,"_monsterinsights_sitenote_active":false,"_monsterinsights_sitenote_note":"","_monsterinsights_sitenote_category":0,"footnotes":""},"categories":[8],"tags":[],"class_list":["post-637","post","type-post","status-publish","format-standard","has-post-thumbnail","hentry","category-prensa"],"_links":{"self":[{"href":"https:\/\/lasilusiones.com.ar\/blog\/wp-json\/wp\/v2\/posts\/637","targetHints":{"allow":["GET"]}}],"collection":[{"href":"https:\/\/lasilusiones.com.ar\/blog\/wp-json\/wp\/v2\/posts"}],"about":[{"href":"https:\/\/lasilusiones.com.ar\/blog\/wp-json\/wp\/v2\/types\/post"}],"author":[{"embeddable":true,"href":"https:\/\/lasilusiones.com.ar\/blog\/wp-json\/wp\/v2\/users\/1"}],"replies":[{"embeddable":true,"href":"https:\/\/lasilusiones.com.ar\/blog\/wp-json\/wp\/v2\/comments?post=637"}],"version-history":[{"count":0,"href":"https:\/\/lasilusiones.com.ar\/blog\/wp-json\/wp\/v2\/posts\/637\/revisions"}],"wp:featuredmedia":[{"embeddable":true,"href":"https:\/\/lasilusiones.com.ar\/blog\/wp-json\/"}],"wp:attachment":[{"href":"https:\/\/lasilusiones.com.ar\/blog\/wp-json\/wp\/v2\/media?parent=637"}],"wp:term":[{"taxonomy":"category","embeddable":true,"href":"https:\/\/lasilusiones.com.ar\/blog\/wp-json\/wp\/v2\/categories?post=637"},{"taxonomy":"post_tag","embeddable":true,"href":"https:\/\/lasilusiones.com.ar\/blog\/wp-json\/wp\/v2\/tags?post=637"}],"curies":[{"name":"wp","href":"https:\/\/api.w.org\/{rel}","templated":true}]}}