{"id":644,"date":"2020-09-20T20:42:00","date_gmt":"2020-09-20T23:42:00","guid":{"rendered":"https:\/\/lasilusiones.com.ar\/blog\/?p=644"},"modified":"2020-09-20T20:42:00","modified_gmt":"2020-09-20T23:42:00","slug":"cinthia-avila-en-radio-nacional","status":"publish","type":"post","link":"https:\/\/lasilusiones.com.ar\/blog\/cinthia-avila-en-radio-nacional\/","title":{"rendered":"Cinthia \u00c1vila en Radio Nacional"},"content":{"rendered":"\n<p>La Vicedirectora de la Compa\u00f1\u00eda, Cinthia \u00c1vila, fue entrevistada en RAE de Radio Nacional. Junto a la conductora, Sol Mianovich, hablaron sobre el festival Puentes Culturales que comienza este s\u00e1bado 26 a las 19hs, y que por esta vez ser\u00e1 se emitir\u00e1 a trav\u00e9s del canal de Youtube de Puentes Culturales.<\/p>\n\n\n\n<p>Para escuchar toda la nota completa te invitamos a ver este video.<\/p>\n\n\n\n<figure class=\"wp-block-embed-youtube wp-block-embed is-type-video is-provider-youtube wp-embed-aspect-16-9 wp-has-aspect-ratio\"><div class=\"wp-block-embed__wrapper\">\n<iframe loading=\"lazy\" title=\"Cinthia \u00c1vila | Puentes Culturales | Entrevista en Radio Nacional\" width=\"525\" height=\"295\" src=\"https:\/\/www.youtube.com\/embed\/8wGc_xkIlZI?feature=oembed\" frameborder=\"0\" allow=\"accelerometer; autoplay; clipboard-write; encrypted-media; gyroscope; picture-in-picture; web-share\" referrerpolicy=\"strict-origin-when-cross-origin\" allowfullscreen><\/iframe>\n<\/div><\/figure>\n","protected":false},"excerpt":{"rendered":"<p>La Vicedirectora de la Compa\u00f1\u00eda, Cinthia \u00c1vila, fue entrevistada en RAE de Radio Nacional. Junto a la conductora, Sol Mianovich, hablaron sobre el festival Puentes&hellip;<\/p>\n","protected":false},"author":1,"featured_media":645,"comment_status":"open","ping_status":"open","sticky":false,"template":"","format":"standard","meta":{"_monsterinsights_skip_tracking":false,"_monsterinsights_sitenote_active":false,"_monsterinsights_sitenote_note":"","_monsterinsights_sitenote_category":0,"footnotes":""},"categories":[8],"tags":[],"class_list":["post-644","post","type-post","status-publish","format-standard","has-post-thumbnail","hentry","category-prensa"],"_links":{"self":[{"href":"https:\/\/lasilusiones.com.ar\/blog\/wp-json\/wp\/v2\/posts\/644","targetHints":{"allow":["GET"]}}],"collection":[{"href":"https:\/\/lasilusiones.com.ar\/blog\/wp-json\/wp\/v2\/posts"}],"about":[{"href":"https:\/\/lasilusiones.com.ar\/blog\/wp-json\/wp\/v2\/types\/post"}],"author":[{"embeddable":true,"href":"https:\/\/lasilusiones.com.ar\/blog\/wp-json\/wp\/v2\/users\/1"}],"replies":[{"embeddable":true,"href":"https:\/\/lasilusiones.com.ar\/blog\/wp-json\/wp\/v2\/comments?post=644"}],"version-history":[{"count":0,"href":"https:\/\/lasilusiones.com.ar\/blog\/wp-json\/wp\/v2\/posts\/644\/revisions"}],"wp:featuredmedia":[{"embeddable":true,"href":"https:\/\/lasilusiones.com.ar\/blog\/wp-json\/"}],"wp:attachment":[{"href":"https:\/\/lasilusiones.com.ar\/blog\/wp-json\/wp\/v2\/media?parent=644"}],"wp:term":[{"taxonomy":"category","embeddable":true,"href":"https:\/\/lasilusiones.com.ar\/blog\/wp-json\/wp\/v2\/categories?post=644"},{"taxonomy":"post_tag","embeddable":true,"href":"https:\/\/lasilusiones.com.ar\/blog\/wp-json\/wp\/v2\/tags?post=644"}],"curies":[{"name":"wp","href":"https:\/\/api.w.org\/{rel}","templated":true}]}}