{"id":647,"date":"2020-09-22T21:06:00","date_gmt":"2020-09-23T00:06:00","guid":{"rendered":"https:\/\/lasilusiones.com.ar\/blog\/?p=647"},"modified":"2020-09-22T21:06:00","modified_gmt":"2020-09-23T00:06:00","slug":"cinthia-avila-en-radio-fm-91-1-agenda-semanal","status":"publish","type":"post","link":"https:\/\/lasilusiones.com.ar\/blog\/cinthia-avila-en-radio-fm-91-1-agenda-semanal\/","title":{"rendered":"Cinthia \u00c1vila en Radio FM 91.1 | Agenda Semanal"},"content":{"rendered":"\n<p>La Vicedirectora de la Compa\u00f1\u00eda y coordinadora de Puentes Culturales brind\u00f3 una entrevista para el programa Agenda Semanal en Radio Amadeus FM 91.1.<\/p>\n\n\n\n<p>A continuaci\u00f3n te dejamos el video para que peudas escuchar la nota completa.<\/p>\n\n\n\n<figure class=\"wp-block-embed-youtube wp-block-embed is-type-video is-provider-youtube wp-embed-aspect-16-9 wp-has-aspect-ratio\"><div class=\"wp-block-embed__wrapper\">\n<iframe loading=\"lazy\" title=\"Entrevista a Cinthia \u00c1vila | Puentes Culturales | Radio Amadeus\" width=\"525\" height=\"295\" src=\"https:\/\/www.youtube.com\/embed\/HQ6bFa6EJyM?feature=oembed\" frameborder=\"0\" allow=\"accelerometer; autoplay; clipboard-write; encrypted-media; gyroscope; picture-in-picture; web-share\" referrerpolicy=\"strict-origin-when-cross-origin\" allowfullscreen><\/iframe>\n<\/div><\/figure>\n","protected":false},"excerpt":{"rendered":"<p>La Vicedirectora de la Compa\u00f1\u00eda y coordinadora de Puentes Culturales brind\u00f3 una entrevista para el programa Agenda Semanal en Radio Amadeus FM 91.1. A continuaci\u00f3n&hellip;<\/p>\n","protected":false},"author":1,"featured_media":649,"comment_status":"open","ping_status":"open","sticky":false,"template":"","format":"standard","meta":{"_monsterinsights_skip_tracking":false,"_monsterinsights_sitenote_active":false,"_monsterinsights_sitenote_note":"","_monsterinsights_sitenote_category":0,"footnotes":""},"categories":[8],"tags":[],"class_list":["post-647","post","type-post","status-publish","format-standard","has-post-thumbnail","hentry","category-prensa"],"_links":{"self":[{"href":"https:\/\/lasilusiones.com.ar\/blog\/wp-json\/wp\/v2\/posts\/647","targetHints":{"allow":["GET"]}}],"collection":[{"href":"https:\/\/lasilusiones.com.ar\/blog\/wp-json\/wp\/v2\/posts"}],"about":[{"href":"https:\/\/lasilusiones.com.ar\/blog\/wp-json\/wp\/v2\/types\/post"}],"author":[{"embeddable":true,"href":"https:\/\/lasilusiones.com.ar\/blog\/wp-json\/wp\/v2\/users\/1"}],"replies":[{"embeddable":true,"href":"https:\/\/lasilusiones.com.ar\/blog\/wp-json\/wp\/v2\/comments?post=647"}],"version-history":[{"count":0,"href":"https:\/\/lasilusiones.com.ar\/blog\/wp-json\/wp\/v2\/posts\/647\/revisions"}],"wp:featuredmedia":[{"embeddable":true,"href":"https:\/\/lasilusiones.com.ar\/blog\/wp-json\/"}],"wp:attachment":[{"href":"https:\/\/lasilusiones.com.ar\/blog\/wp-json\/wp\/v2\/media?parent=647"}],"wp:term":[{"taxonomy":"category","embeddable":true,"href":"https:\/\/lasilusiones.com.ar\/blog\/wp-json\/wp\/v2\/categories?post=647"},{"taxonomy":"post_tag","embeddable":true,"href":"https:\/\/lasilusiones.com.ar\/blog\/wp-json\/wp\/v2\/tags?post=647"}],"curies":[{"name":"wp","href":"https:\/\/api.w.org\/{rel}","templated":true}]}}