{"id":651,"date":"2020-09-25T15:58:59","date_gmt":"2020-09-25T18:58:59","guid":{"rendered":"https:\/\/lasilusiones.com.ar\/blog\/?p=651"},"modified":"2020-09-25T15:58:59","modified_gmt":"2020-09-25T18:58:59","slug":"arranca-puentes-culturales-juan-ignacio-acosta-y-catalina-centurion-hablaron-de-todo-en-mshow-tv","status":"publish","type":"post","link":"https:\/\/lasilusiones.com.ar\/blog\/arranca-puentes-culturales-juan-ignacio-acosta-y-catalina-centurion-hablaron-de-todo-en-mshow-tv\/","title":{"rendered":"Arranca Puentes Culturales: Juan Ignacio Acosta y Catalina Centuri\u00f3n hablaron de todo en MShow TV"},"content":{"rendered":"\n<p>El Coordinador de Puentes Culturales y Director General de la Compa\u00f1\u00eda de arte Inclusiva Las Ilusiones, Juan Ignacio Acosta, brind\u00f3 una nota junto a la artista Catalina Centuri\u00f3n para el programa MShow del canal Ciudad Magazine. <\/p>\n\n\n\n<p>Catalina, que brindar\u00e1 un espect\u00e1culo de mimo, cont\u00f3 como fue su proceso para el show que mont\u00f3 para Puentes Culturales.<\/p>\n\n\n\n<p>Ambos pudieron dialogar acerca de esta 4ta edici\u00f3n del festival que ser\u00e1 de manea virtual. <\/p>\n\n\n\n<p><strong><u>Cartelera:<\/u><\/strong><\/p>\n\n\n\n<p><strong>S\u00e1bado 26 de septiembre | 19hs<\/strong><\/p>\n\n\n\n<p>Elenco: Grupo Alma<\/p>\n\n\n\n<p>Obra: &#8220;Devenir-es&#8221;&nbsp;<\/p>\n\n\n\n<p>Disciplina: Danza<\/p>\n\n\n\n<p><\/p>\n\n\n\n<p><strong>S\u00e1bado 10 de octubre | dos presentaciones | a partir de las 19hs<\/strong><\/p>\n\n\n\n<p>Artista: Catalina Centuri\u00f3n<\/p>\n\n\n\n<p>Obra: &#8220;Mimo&#8221;<\/p>\n\n\n\n<p>Disciplina: Teatro<\/p>\n\n\n\n<p>Obra: &#8220;Peter Pan&#8221;<\/p>\n\n\n\n<p>Disciplina: Comedia Musical<\/p>\n\n\n\n<p>Direcci\u00f3n: Mariana Poitevin<\/p>\n\n\n\n<p><\/p>\n\n\n\n<p><strong>S\u00e1bado 7 de noviembre | dos presentaciones | a partir de las 19hs<\/strong><\/p>\n\n\n\n<p>Elenco: Somos Uno<\/p>\n\n\n\n<p>Obra: &#8220;Libres en cuarentena&#8221;&nbsp;<\/p>\n\n\n\n<p>Disciplina: Danza Teatro&nbsp;<\/p>\n\n\n\n<p>Grupo: &#8220;Fusi\u00f3n NikyEv\u201d<\/p>\n\n\n\n<p>Obra: Nostalgia&nbsp;<\/p>\n\n\n\n<p>Disciplina: Danza<\/p>\n\n\n\n<p><\/p>\n\n\n\n<p>Si te perdiste la nota, te invitamos a que la veas completa haciendo click en el video<\/p>\n\n\n\n<figure class=\"wp-block-embed-youtube wp-block-embed is-type-video is-provider-youtube wp-embed-aspect-16-9 wp-has-aspect-ratio\"><div class=\"wp-block-embed__wrapper\">\n<iframe loading=\"lazy\" title=\"Juan Ignacio Acosta y Catalina Centuri\u00f3n | Puentes Culturales |  MShow Ciudad Magazine\" width=\"525\" height=\"295\" src=\"https:\/\/www.youtube.com\/embed\/c90T72z1cNU?feature=oembed\" frameborder=\"0\" allow=\"accelerometer; autoplay; clipboard-write; encrypted-media; gyroscope; picture-in-picture; web-share\" referrerpolicy=\"strict-origin-when-cross-origin\" allowfullscreen><\/iframe>\n<\/div><\/figure>\n","protected":false},"excerpt":{"rendered":"<p>El Coordinador de Puentes Culturales y Director General de la Compa\u00f1\u00eda de arte Inclusiva Las Ilusiones, Juan Ignacio Acosta, brind\u00f3 una nota junto a la&hellip;<\/p>\n","protected":false},"author":1,"featured_media":652,"comment_status":"open","ping_status":"open","sticky":false,"template":"","format":"standard","meta":{"_monsterinsights_skip_tracking":false,"_monsterinsights_sitenote_active":false,"_monsterinsights_sitenote_note":"","_monsterinsights_sitenote_category":0,"footnotes":""},"categories":[8],"tags":[],"class_list":["post-651","post","type-post","status-publish","format-standard","has-post-thumbnail","hentry","category-prensa"],"_links":{"self":[{"href":"https:\/\/lasilusiones.com.ar\/blog\/wp-json\/wp\/v2\/posts\/651","targetHints":{"allow":["GET"]}}],"collection":[{"href":"https:\/\/lasilusiones.com.ar\/blog\/wp-json\/wp\/v2\/posts"}],"about":[{"href":"https:\/\/lasilusiones.com.ar\/blog\/wp-json\/wp\/v2\/types\/post"}],"author":[{"embeddable":true,"href":"https:\/\/lasilusiones.com.ar\/blog\/wp-json\/wp\/v2\/users\/1"}],"replies":[{"embeddable":true,"href":"https:\/\/lasilusiones.com.ar\/blog\/wp-json\/wp\/v2\/comments?post=651"}],"version-history":[{"count":0,"href":"https:\/\/lasilusiones.com.ar\/blog\/wp-json\/wp\/v2\/posts\/651\/revisions"}],"wp:featuredmedia":[{"embeddable":true,"href":"https:\/\/lasilusiones.com.ar\/blog\/wp-json\/"}],"wp:attachment":[{"href":"https:\/\/lasilusiones.com.ar\/blog\/wp-json\/wp\/v2\/media?parent=651"}],"wp:term":[{"taxonomy":"category","embeddable":true,"href":"https:\/\/lasilusiones.com.ar\/blog\/wp-json\/wp\/v2\/categories?post=651"},{"taxonomy":"post_tag","embeddable":true,"href":"https:\/\/lasilusiones.com.ar\/blog\/wp-json\/wp\/v2\/tags?post=651"}],"curies":[{"name":"wp","href":"https:\/\/api.w.org\/{rel}","templated":true}]}}