{"id":663,"date":"2020-10-05T18:25:15","date_gmt":"2020-10-05T21:25:15","guid":{"rendered":"https:\/\/lasilusiones.com.ar\/blog\/?p=663"},"modified":"2020-10-05T18:25:15","modified_gmt":"2020-10-05T21:25:15","slug":"un-libro-para-pensar-la-discapacidad-y-el-arte","status":"publish","type":"post","link":"https:\/\/lasilusiones.com.ar\/blog\/un-libro-para-pensar-la-discapacidad-y-el-arte\/","title":{"rendered":"Un libro para pensar la discapacidad y el arte"},"content":{"rendered":"\n<p>\u201cPr\u00e1cticas Art\u00edsticas Inclusivas\u201d es una invitaci\u00f3n a descubrir el arte inclusivo como una manifestaci\u00f3n cultural de las personas con discapacidad.<\/p>\n\n\n\n<div class=\"wp-block-image\"><figure class=\"aligncenter size-large\"><img decoding=\"async\" src=\"https:\/\/lasilusiones.com.ar\/blog\/wp-content\/uploads\/2020\/10\/Tapa-practicas-artisticas-inclusivas-Acosta_GT2_ALTA-726x1024.jpg\" alt=\"\" class=\"wp-image-665\"\/><figcaption><em>Libro Pr\u00e1cticas Art\u00edsticas Inclusivas: Canto, danza, teatro<\/em><\/figcaption><\/figure><\/div>\n\n\n\n<p>Su autor, Juan Ignacio Acosta, Director de Las Ilusiones \u2013la compa\u00f1\u00eda de arte inclusiva m\u00e1s grande del pa\u00eds- vuelca su experiencia como director, actor integrado\/incluido y docente de personas con discapacidad intelectual en m\u00e1s de 18 a\u00f1os de trabajo.<\/p>\n\n\n\n<p>Este libro invita a pensar el arte inclusivo como movimiento art\u00edstico y un cambio de paradigma respecto del canon actual de las artes esc\u00e9nicas. Los lectores se encontrar\u00e1n con fundamentos te\u00f3ricos y herramientas pr\u00e1cticas que le permitir\u00e1n entender el arte inclusivo y la manera de abordarlo a partir de las experiencias de <strong><em>Las Ilusiones<\/em><\/strong>. Destinado especialmente a educadores y personas del campo de la cultura, pero tambi\u00e9n a toda persona que quiera acercarse al arte inclusivo, entenderlo y disfrutarlo.<\/p>\n\n\n\n<p>\u201cPermite entender el arte inclusivo como manifiesto y movimiento. No es s\u00f3lo un material pedag\u00f3gico, sino que adem\u00e1s brinda experiencias, casos y ejemplos para hacer creaciones con valor po\u00e9tico y creativo. Lo novedoso es que el libro presenta mucho material audiovisual, fotograf\u00edas y videos (a trav\u00e9s del sistema de QR) al que se pueden acceder f\u00e1cilmente. Es una publicaci\u00f3n interactiva que invita a ser un lector activo\u201d, sostiene Acosta.<\/p>\n\n\n\n<p>El libro cuenta con pr\u00f3logo del reconocido pedagogo y educador Carlos Skliar y el especialista en artes esc\u00e9nicas Jorge Holovatuck.<\/p>\n\n\n\n<p>El libro cuenta con pr\u00f3logo del reconocido pedagogo y educador Carlos Skliar quien expres\u00f3: &#8220;Sugiero la lectura de este libro con todas mis fuerzas y mi admiraci\u00f3n. Despu\u00e9s de todo, la confesi\u00f3n de una experiencia se vuelve trascendente cuando otros lectores abrazan un conjunto de percepciones, sensaciones e ideas. De esto se trata escribir, inscribirnos, hacer huellas: de mirar a los lados y narrar aquellas vidas que el mundo, por lo general, o mira mal o se hace indiferente; vidas que hacen crecer el sentido de lo humano, vidas de otros, vidas nuestras&#8221;.<\/p>\n\n\n\n<p>La reconocida editorial<strong><em> Novedades Educativas<\/em><\/strong> es la encargada de publicar esta primera edici\u00f3n, cuyo ejemplar de 300 p\u00e1ginas es totalmente a color. La preventa del libro est\u00e1 abierta y se puede adquirir a trav\u00e9s de la p\u00e1gina<a href=\"https:\/\/www.noveduc.com\/l\/practicas-artisticas-inclusivas\/2309\/\"> <\/a><a href=\"https:\/\/www.noveduc.com\/lasilusiones\/\">https:\/\/www.noveduc.com\/lasilusiones\/<\/a> . El lanzamiento oficial ser\u00e1 \u00a0en noviembre de este a\u00f1o.<\/p>\n\n\n\n<p><strong>Sobre Juan Ignacio Acosta y la Compa\u00f1\u00eda de Arte Inclusiva Las Ilusiones<\/strong><\/p>\n\n\n\n<p>Juan Ignacio Acosta es actor, licenciado en direcci\u00f3n recibido de la UNA, estudiante de la Maestr\u00eda Interactividad, Objetos y Nuevas Tecnolog\u00edas en la UNA, es int\u00e9rprete en lenguaje de se\u00f1as y se form\u00f3 en Terapia Ocupacional. Hace m\u00e1s de 18 a\u00f1os que se dedica a trabajar con el arte y la discapacidad en pos de la diversidad y la inclusi\u00f3n. Hace 12 a\u00f1os fund\u00f3 su propia compa\u00f1\u00eda de arte inclusiva \u201cLas Ilusiones\u201d, que en la actualidad, est\u00e1 compuesta por <strong>450 artistas con y sin discapacidad intelectual, a los cuales forma y para quienes produce espect\u00e1culos. Tiene 9 sedes distribuidas en CABA, GBA, Salta y Col\u00f3n, Entre R\u00edos. Con su propuesta art\u00edstica llega a todo el pa\u00eds a trav\u00e9s de youtube donde suben contenido gratuito de clases y espect\u00e1culos para compartir en familia. <\/strong>El crecimiento de este espacio de formaci\u00f3n y creaci\u00f3n junto con el af\u00e1n de generar un espacio social de inclusi\u00f3n laboral lo llev\u00f3 a producir giras y funciones teatrales para que puedan trabajar como artistas.<\/p>\n\n\n\n<figure class=\"wp-block-image size-large\"><img decoding=\"async\" src=\"https:\/\/lasilusiones.com.ar\/blog\/wp-content\/uploads\/2020\/10\/Foto-Juan-Ignacio-Acosta-1024x796.jpg\" alt=\"\" class=\"wp-image-664\"\/><figcaption><em>Juan Ignacio Acosta, Director General de la compa\u00f1\u00eda de arte inclusiva Las Ilusiones<\/em><\/figcaption><\/figure>\n\n\n\n<p>Fue reconocido por su labor por la Secretar\u00eda de Cultura de la Naci\u00f3n (2010) y por la Legislatura Porte\u00f1a (2016). Adem\u00e1s, comenz\u00f3 a editar una revista propia que cuenta con noticias institucionales y colaboraciones de especialistas en materia de discapacidad. Es una publicaci\u00f3n bimestral que ha recibido la declaraci\u00f3n de inter\u00e9s social (2016) y durante 2017 recibi\u00f3 un reconocimiento por el Plenario del Consejo de los Derechos de Ni\u00f1as, Ni\u00f1os y Adolescentes de la Ciudad de Buenos Aires \u201cpor su importante rol a favor de la inclusi\u00f3n y de los derechos de los ni\u00f1os y adolescentes\u201d. Varios de sus espect\u00e1culos fueron declarados de inter\u00e9s cultural por la Secretar\u00eda de Cultura de la Naci\u00f3n (2010), la Municipalidad de Almirante Brown (2012) y la Legislatura de la Ciudad Aut\u00f3noma de Buenos Aires (2013). Adem\u00e1s, recibi\u00f3 la declaraci\u00f3n de \u201cEmbajada de Paz\u201d otorgado por el movimiento Mil Milenios de Paz (2013). Durante el mes de noviembre del 2018, el Director General de \u201cLas Ilusiones\u201d, Juan Ignacio Acosta, recibi\u00f3 la declaraci\u00f3n de inter\u00e9s Cultural y Provincial por la honorable C\u00e1mara de Diputados de la Provincia de Buenos Aires; y la declaraci\u00f3n de Inter\u00e9s Cultural por el Consejo Deliberante de la localidad de Vicente L\u00f3pez. En febrero del a\u00f1o 2019 participaron de la Fiesta Regional de Teatro Independiente de la Provincia de Buenos Aires y recibieron la menci\u00f3n \u201cEst\u00edmulo a la creaci\u00f3n\u201d otorgada por la organizaci\u00f3n del festival.<\/p>\n\n\n\n<p><strong>&nbsp;M\u00e1s Informaci\u00f3n en<\/strong>: <\/p>\n\n\n\n<figure class=\"wp-block-embed-youtube wp-block-embed is-type-video is-provider-youtube wp-embed-aspect-16-9 wp-has-aspect-ratio\"><div class=\"wp-block-embed__wrapper\">\n<iframe loading=\"lazy\" title=\"Libro | Practicas Art\u00edsticas Inclusivas | Juan Ignacio Acosta\" width=\"525\" height=\"295\" src=\"https:\/\/www.youtube.com\/embed\/AwfnpssXaFg?feature=oembed\" frameborder=\"0\" allow=\"accelerometer; autoplay; clipboard-write; encrypted-media; gyroscope; picture-in-picture; web-share\" referrerpolicy=\"strict-origin-when-cross-origin\" allowfullscreen><\/iframe>\n<\/div><\/figure>\n","protected":false},"excerpt":{"rendered":"<p>\u201cPr\u00e1cticas Art\u00edsticas Inclusivas\u201d es una invitaci\u00f3n a descubrir el arte inclusivo como una manifestaci\u00f3n cultural de las personas con discapacidad. Su autor, Juan Ignacio Acosta,&hellip;<\/p>\n","protected":false},"author":1,"featured_media":665,"comment_status":"open","ping_status":"open","sticky":false,"template":"","format":"standard","meta":{"_monsterinsights_skip_tracking":false,"_monsterinsights_sitenote_active":false,"_monsterinsights_sitenote_note":"","_monsterinsights_sitenote_category":0,"footnotes":""},"categories":[4],"tags":[],"class_list":["post-663","post","type-post","status-publish","format-standard","has-post-thumbnail","hentry","category-articulo"],"_links":{"self":[{"href":"https:\/\/lasilusiones.com.ar\/blog\/wp-json\/wp\/v2\/posts\/663","targetHints":{"allow":["GET"]}}],"collection":[{"href":"https:\/\/lasilusiones.com.ar\/blog\/wp-json\/wp\/v2\/posts"}],"about":[{"href":"https:\/\/lasilusiones.com.ar\/blog\/wp-json\/wp\/v2\/types\/post"}],"author":[{"embeddable":true,"href":"https:\/\/lasilusiones.com.ar\/blog\/wp-json\/wp\/v2\/users\/1"}],"replies":[{"embeddable":true,"href":"https:\/\/lasilusiones.com.ar\/blog\/wp-json\/wp\/v2\/comments?post=663"}],"version-history":[{"count":0,"href":"https:\/\/lasilusiones.com.ar\/blog\/wp-json\/wp\/v2\/posts\/663\/revisions"}],"wp:featuredmedia":[{"embeddable":true,"href":"https:\/\/lasilusiones.com.ar\/blog\/wp-json\/"}],"wp:attachment":[{"href":"https:\/\/lasilusiones.com.ar\/blog\/wp-json\/wp\/v2\/media?parent=663"}],"wp:term":[{"taxonomy":"category","embeddable":true,"href":"https:\/\/lasilusiones.com.ar\/blog\/wp-json\/wp\/v2\/categories?post=663"},{"taxonomy":"post_tag","embeddable":true,"href":"https:\/\/lasilusiones.com.ar\/blog\/wp-json\/wp\/v2\/tags?post=663"}],"curies":[{"name":"wp","href":"https:\/\/api.w.org\/{rel}","templated":true}]}}