{"id":67,"date":"2017-03-21T10:27:31","date_gmt":"2017-03-21T13:27:31","guid":{"rendered":"https:\/\/lasilusiones.com.ar\/blog\/?p=67"},"modified":"2017-03-21T10:27:31","modified_gmt":"2017-03-21T13:27:31","slug":"las-ilusiones-en-abrazo-de-rock-radio-universitaria-fm-89-1","status":"publish","type":"post","link":"https:\/\/lasilusiones.com.ar\/blog\/las-ilusiones-en-abrazo-de-rock-radio-universitaria-fm-89-1\/","title":{"rendered":"Las Ilusiones en Abrazo de Rock &#8211; Radio Universitaria FM 89.1"},"content":{"rendered":"<p>El Director General de Las Ilusiones, Juan Ignacio Acosta, particip\u00f3 del programa radial &#8220;Abrazo de Rock&#8221;, donde habl\u00f3 sobre el D\u00eda Mundial de las Personas con Sindrome de Down, y sobre las actividades que lleva adelante<\/p>\n<p><iframe loading=\"lazy\" title=\"Las Ilusiones en Abrazo de Rock - Radio Universitaria FM 89.1\" width=\"525\" height=\"394\" src=\"https:\/\/www.youtube.com\/embed\/618YjGiFb3M?start=105&#038;feature=oembed\" frameborder=\"0\" allow=\"accelerometer; autoplay; clipboard-write; encrypted-media; gyroscope; picture-in-picture; web-share\" referrerpolicy=\"strict-origin-when-cross-origin\" allowfullscreen><\/iframe><\/p>\n","protected":false},"excerpt":{"rendered":"<p>El Director General de Las Ilusiones, Juan Ignacio Acosta, particip\u00f3 del programa radial &#8220;Abrazo de Rock&#8221;, donde habl\u00f3 sobre el D\u00eda Mundial de las Personas&hellip;<\/p>\n","protected":false},"author":1,"featured_media":68,"comment_status":"open","ping_status":"open","sticky":false,"template":"","format":"standard","meta":{"_monsterinsights_skip_tracking":false,"_monsterinsights_sitenote_active":false,"_monsterinsights_sitenote_note":"","_monsterinsights_sitenote_category":0,"footnotes":""},"categories":[8],"tags":[25,26,27,29,32,34,43,45],"class_list":["post-67","post","type-post","status-publish","format-standard","has-post-thumbnail","hentry","category-prensa","tag-director","tag-discapacidad","tag-entrevista","tag-inclusion","tag-juan-ignacio-acosta","tag-las-ilusiones","tag-programa","tag-radio"],"_links":{"self":[{"href":"https:\/\/lasilusiones.com.ar\/blog\/wp-json\/wp\/v2\/posts\/67","targetHints":{"allow":["GET"]}}],"collection":[{"href":"https:\/\/lasilusiones.com.ar\/blog\/wp-json\/wp\/v2\/posts"}],"about":[{"href":"https:\/\/lasilusiones.com.ar\/blog\/wp-json\/wp\/v2\/types\/post"}],"author":[{"embeddable":true,"href":"https:\/\/lasilusiones.com.ar\/blog\/wp-json\/wp\/v2\/users\/1"}],"replies":[{"embeddable":true,"href":"https:\/\/lasilusiones.com.ar\/blog\/wp-json\/wp\/v2\/comments?post=67"}],"version-history":[{"count":0,"href":"https:\/\/lasilusiones.com.ar\/blog\/wp-json\/wp\/v2\/posts\/67\/revisions"}],"wp:featuredmedia":[{"embeddable":true,"href":"https:\/\/lasilusiones.com.ar\/blog\/wp-json\/"}],"wp:attachment":[{"href":"https:\/\/lasilusiones.com.ar\/blog\/wp-json\/wp\/v2\/media?parent=67"}],"wp:term":[{"taxonomy":"category","embeddable":true,"href":"https:\/\/lasilusiones.com.ar\/blog\/wp-json\/wp\/v2\/categories?post=67"},{"taxonomy":"post_tag","embeddable":true,"href":"https:\/\/lasilusiones.com.ar\/blog\/wp-json\/wp\/v2\/tags?post=67"}],"curies":[{"name":"wp","href":"https:\/\/api.w.org\/{rel}","templated":true}]}}