{"id":699,"date":"2020-11-02T11:38:25","date_gmt":"2020-11-02T14:38:25","guid":{"rendered":"https:\/\/lasilusiones.com.ar\/blog\/?p=699"},"modified":"2020-11-02T11:38:25","modified_gmt":"2020-11-02T14:38:25","slug":"lanzaron-un-libro-para-pensar-la-discapacidad-y-el-arte-agencia-agentar","status":"publish","type":"post","link":"https:\/\/lasilusiones.com.ar\/blog\/lanzaron-un-libro-para-pensar-la-discapacidad-y-el-arte-agencia-agentar\/","title":{"rendered":"Lanzaron un libro para pensar la discapacidad y el arte | Agencia Agentar"},"content":{"rendered":"\n<p>La editorial Novedades Educativas lanz\u00f3 el libro \u201cPr\u00e1cticas Art\u00edsticas Inclusivas\u201d. Es su autor Juan Ignacio Acosta, el reconocido director de \u201cLas Ilusiones\u201d, la compa\u00f1\u00eda de arte inclusiva m\u00e1s grande de la Argentina.<\/p>\n\n\n\n<p>En la flamante publicaci\u00f3n de 300 p\u00e1ginas, Acosta vuelca su experiencia como director, actor integrado\/incluido y docente de personas con discapacidad intelectual en m\u00e1s de 18 a\u00f1os de trabajo.<\/p>\n\n\n\n<p><em>Para seguir leyendo click en el link de abajo<\/em><\/p>\n\n\n\n<figure class=\"wp-block-embed-wordpress wp-block-embed is-type-wp-embed is-provider-agentar\"><div class=\"wp-block-embed__wrapper\">\nhttp:\/\/agentar.info\/lanzaron-un-libro-para-pensar-la-discapacidad-y-el-arte\/\n<\/div><\/figure>\n","protected":false},"excerpt":{"rendered":"<p>La editorial Novedades Educativas lanz\u00f3 el libro \u201cPr\u00e1cticas Art\u00edsticas Inclusivas\u201d. Es su autor Juan Ignacio Acosta, el reconocido director de \u201cLas Ilusiones\u201d, la compa\u00f1\u00eda de&hellip;<\/p>\n","protected":false},"author":1,"featured_media":700,"comment_status":"open","ping_status":"open","sticky":false,"template":"","format":"standard","meta":{"_monsterinsights_skip_tracking":false,"_monsterinsights_sitenote_active":false,"_monsterinsights_sitenote_note":"","_monsterinsights_sitenote_category":0,"footnotes":""},"categories":[8],"tags":[],"class_list":["post-699","post","type-post","status-publish","format-standard","has-post-thumbnail","hentry","category-prensa"],"_links":{"self":[{"href":"https:\/\/lasilusiones.com.ar\/blog\/wp-json\/wp\/v2\/posts\/699","targetHints":{"allow":["GET"]}}],"collection":[{"href":"https:\/\/lasilusiones.com.ar\/blog\/wp-json\/wp\/v2\/posts"}],"about":[{"href":"https:\/\/lasilusiones.com.ar\/blog\/wp-json\/wp\/v2\/types\/post"}],"author":[{"embeddable":true,"href":"https:\/\/lasilusiones.com.ar\/blog\/wp-json\/wp\/v2\/users\/1"}],"replies":[{"embeddable":true,"href":"https:\/\/lasilusiones.com.ar\/blog\/wp-json\/wp\/v2\/comments?post=699"}],"version-history":[{"count":0,"href":"https:\/\/lasilusiones.com.ar\/blog\/wp-json\/wp\/v2\/posts\/699\/revisions"}],"wp:featuredmedia":[{"embeddable":true,"href":"https:\/\/lasilusiones.com.ar\/blog\/wp-json\/"}],"wp:attachment":[{"href":"https:\/\/lasilusiones.com.ar\/blog\/wp-json\/wp\/v2\/media?parent=699"}],"wp:term":[{"taxonomy":"category","embeddable":true,"href":"https:\/\/lasilusiones.com.ar\/blog\/wp-json\/wp\/v2\/categories?post=699"},{"taxonomy":"post_tag","embeddable":true,"href":"https:\/\/lasilusiones.com.ar\/blog\/wp-json\/wp\/v2\/tags?post=699"}],"curies":[{"name":"wp","href":"https:\/\/api.w.org\/{rel}","templated":true}]}}