{"id":70,"date":"2017-03-21T10:29:28","date_gmt":"2017-03-21T13:29:28","guid":{"rendered":"https:\/\/lasilusiones.com.ar\/blog\/?p=70"},"modified":"2017-03-21T10:29:28","modified_gmt":"2017-03-21T13:29:28","slug":"las-ilusiones-en-canal-26-dia-mundial-de-las-personas-con-sindrome-de-down","status":"publish","type":"post","link":"https:\/\/lasilusiones.com.ar\/blog\/las-ilusiones-en-canal-26-dia-mundial-de-las-personas-con-sindrome-de-down\/","title":{"rendered":"Canal 26 &#8211; Las Ilusiones en D\u00eda Mundial de las Personas con S\u00edndrome de Down"},"content":{"rendered":"<p>El Director General de Las Ilusiones, Juan Ignacio Acosta, estuvo junto al actor Anthony Jara Enciso, en los estudios de Canal 26, donde habl\u00f3 sobre las tareas de inclusi\u00f3n e integraci\u00f3n que lleva adelante a trav\u00e9s del arte en la compa\u00f1\u00eda.<\/p>\n<p><iframe loading=\"lazy\" title=\"Las Ilusiones en Canal 26 - D\u00eda Mundial de las Personas con S\u00edndrome de Down\" width=\"525\" height=\"295\" src=\"https:\/\/www.youtube.com\/embed\/lwl519HsOjc?start=35&#038;feature=oembed\" frameborder=\"0\" allow=\"accelerometer; autoplay; clipboard-write; encrypted-media; gyroscope; picture-in-picture; web-share\" referrerpolicy=\"strict-origin-when-cross-origin\" allowfullscreen><\/iframe><\/p>\n","protected":false},"excerpt":{"rendered":"<p>El Director General de Las Ilusiones, Juan Ignacio Acosta, estuvo junto al actor Anthony Jara Enciso, en los estudios de Canal 26, donde habl\u00f3 sobre&hellip;<\/p>\n","protected":false},"author":1,"featured_media":71,"comment_status":"open","ping_status":"open","sticky":false,"template":"","format":"standard","meta":{"_monsterinsights_skip_tracking":false,"_monsterinsights_sitenote_active":false,"_monsterinsights_sitenote_note":"","_monsterinsights_sitenote_category":0,"footnotes":""},"categories":[8],"tags":[26,27,29,32,43,51],"class_list":["post-70","post","type-post","status-publish","format-standard","has-post-thumbnail","hentry","category-prensa","tag-discapacidad","tag-entrevista","tag-inclusion","tag-juan-ignacio-acosta","tag-programa","tag-television"],"_links":{"self":[{"href":"https:\/\/lasilusiones.com.ar\/blog\/wp-json\/wp\/v2\/posts\/70","targetHints":{"allow":["GET"]}}],"collection":[{"href":"https:\/\/lasilusiones.com.ar\/blog\/wp-json\/wp\/v2\/posts"}],"about":[{"href":"https:\/\/lasilusiones.com.ar\/blog\/wp-json\/wp\/v2\/types\/post"}],"author":[{"embeddable":true,"href":"https:\/\/lasilusiones.com.ar\/blog\/wp-json\/wp\/v2\/users\/1"}],"replies":[{"embeddable":true,"href":"https:\/\/lasilusiones.com.ar\/blog\/wp-json\/wp\/v2\/comments?post=70"}],"version-history":[{"count":0,"href":"https:\/\/lasilusiones.com.ar\/blog\/wp-json\/wp\/v2\/posts\/70\/revisions"}],"wp:featuredmedia":[{"embeddable":true,"href":"https:\/\/lasilusiones.com.ar\/blog\/wp-json\/"}],"wp:attachment":[{"href":"https:\/\/lasilusiones.com.ar\/blog\/wp-json\/wp\/v2\/media?parent=70"}],"wp:term":[{"taxonomy":"category","embeddable":true,"href":"https:\/\/lasilusiones.com.ar\/blog\/wp-json\/wp\/v2\/categories?post=70"},{"taxonomy":"post_tag","embeddable":true,"href":"https:\/\/lasilusiones.com.ar\/blog\/wp-json\/wp\/v2\/tags?post=70"}],"curies":[{"name":"wp","href":"https:\/\/api.w.org\/{rel}","templated":true}]}}