{"id":706,"date":"2020-11-13T16:28:53","date_gmt":"2020-11-13T19:28:53","guid":{"rendered":"https:\/\/lasilusiones.com.ar\/blog\/?p=706"},"modified":"2020-11-13T16:28:53","modified_gmt":"2020-11-13T19:28:53","slug":"capacitacion-gratuita-en-arte-inclusivo","status":"publish","type":"post","link":"https:\/\/lasilusiones.com.ar\/blog\/capacitacion-gratuita-en-arte-inclusivo\/","title":{"rendered":"Capacitaci\u00f3n gratuita en Arte Inclusivo"},"content":{"rendered":"\n<p>El Director General de la Compa\u00f1\u00eda de arte inclusiva Las Ilusiones estar\u00e1 en Bariloche para brindar una capacitaci\u00f3n gratuita sobre la expresi\u00f3n cultural de las personas con discapacidad.<\/p>\n\n\n\n<p>En el marco del Primer Festival Inclusivo \u201cIntegrarte Bariloche\u201d, se realizar\u00e1 un taller abierto y gratuito de <strong>Pr\u00e1cticas Art\u00edsticas Inclusivas<\/strong>, que ser\u00e1 dictado por Juan Ignacio Acosta, director de la compa\u00f1\u00eda de arte inclusiva Las Ilusiones. Acosta, autor del libro \u201cPr\u00e1cticas Art\u00edsticas Inclusivas\u201d, compartir\u00e1 valiosos conocimientos acerca del arte producido por las personas con discapacidad.<\/p>\n\n\n\n<p>El encuentro estar\u00e1 basado en las experiencias de Acosta y en su reconocido libro, en el que vuelca fundamentos te\u00f3ricos y herramientas pr\u00e1cticas para entender el arte inclusivo y la manera de abordarlo a partir de lo transitado por la compa\u00f1\u00eda.<\/p>\n\n\n\n<p>El taller se realizar\u00e1 el lunes 23 de noviembre, en dos horarios disponibles: de 10.30 a 12hs; y 18 a 19.30hs, en SCUM, Sal\u00f3n Cultural de Usos M\u00faltiples ubicado en la intersecci\u00f3n de las calles Moreno y Villegas.<\/p>\n\n\n\n<p>Es una oportunidad para docentes, terapeutas y artistas locales para capacitarse de manera gratuita en el arte inclusivo; y ser\u00e1 una posibilidad para toda persona que desee acercarse a este mundo art\u00edstico para disfrutarlo y entenderlo como una manifestaci\u00f3n cultural del colectivo de personas con discapacidad. La inscripci\u00f3n ser\u00e1 con cupos limitados de acuerdo al aforo del espacio y protocolos de prevenci\u00f3n sanitaria. Los interesados pueden contactarse a trav\u00e9s del mail\u00a0<a rel=\"noreferrer noopener\" href=\"https:\/\/barilocheinforma.gob.ar\/integracion-a-traves-del-arte-murales-y-capacitaciones-en-el-1o-festival-inclusivo-de-muralismo\/culturamscb@bariloche.gov.ar\" target=\"_blank\">culturamscb@bariloche.gov.ar<\/a>, o llamar al tel\u00e9fono 443-6268 de lunes a viernes de 8 a 15hs.<\/p>\n","protected":false},"excerpt":{"rendered":"<p>El Director General de la Compa\u00f1\u00eda de arte inclusiva Las Ilusiones estar\u00e1 en Bariloche para brindar una capacitaci\u00f3n gratuita sobre la expresi\u00f3n cultural de las&hellip;<\/p>\n","protected":false},"author":1,"featured_media":707,"comment_status":"open","ping_status":"open","sticky":false,"template":"","format":"standard","meta":{"_monsterinsights_skip_tracking":false,"_monsterinsights_sitenote_active":false,"_monsterinsights_sitenote_note":"","_monsterinsights_sitenote_category":0,"footnotes":""},"categories":[3],"tags":[],"class_list":["post-706","post","type-post","status-publish","format-standard","has-post-thumbnail","hentry","category-actividades"],"_links":{"self":[{"href":"https:\/\/lasilusiones.com.ar\/blog\/wp-json\/wp\/v2\/posts\/706","targetHints":{"allow":["GET"]}}],"collection":[{"href":"https:\/\/lasilusiones.com.ar\/blog\/wp-json\/wp\/v2\/posts"}],"about":[{"href":"https:\/\/lasilusiones.com.ar\/blog\/wp-json\/wp\/v2\/types\/post"}],"author":[{"embeddable":true,"href":"https:\/\/lasilusiones.com.ar\/blog\/wp-json\/wp\/v2\/users\/1"}],"replies":[{"embeddable":true,"href":"https:\/\/lasilusiones.com.ar\/blog\/wp-json\/wp\/v2\/comments?post=706"}],"version-history":[{"count":0,"href":"https:\/\/lasilusiones.com.ar\/blog\/wp-json\/wp\/v2\/posts\/706\/revisions"}],"wp:featuredmedia":[{"embeddable":true,"href":"https:\/\/lasilusiones.com.ar\/blog\/wp-json\/"}],"wp:attachment":[{"href":"https:\/\/lasilusiones.com.ar\/blog\/wp-json\/wp\/v2\/media?parent=706"}],"wp:term":[{"taxonomy":"category","embeddable":true,"href":"https:\/\/lasilusiones.com.ar\/blog\/wp-json\/wp\/v2\/categories?post=706"},{"taxonomy":"post_tag","embeddable":true,"href":"https:\/\/lasilusiones.com.ar\/blog\/wp-json\/wp\/v2\/tags?post=706"}],"curies":[{"name":"wp","href":"https:\/\/api.w.org\/{rel}","templated":true}]}}