{"id":714,"date":"2020-11-19T13:20:50","date_gmt":"2020-11-19T16:20:50","guid":{"rendered":"https:\/\/lasilusiones.com.ar\/blog\/?p=714"},"modified":"2020-11-19T13:20:50","modified_gmt":"2020-11-19T16:20:50","slug":"nota-en-ambitolas-ilusiones-la-compania-de-arte-inclusiva-que-ya-tiene-500-integrantes-y-9-sedes","status":"publish","type":"post","link":"https:\/\/lasilusiones.com.ar\/blog\/nota-en-ambitolas-ilusiones-la-compania-de-arte-inclusiva-que-ya-tiene-500-integrantes-y-9-sedes\/","title":{"rendered":"Nota en Ambito|&#8221;Las Ilusiones&#8221;: la compa\u00f1\u00eda de arte inclusiva que ya tiene 500 integrantes y 9 sedes"},"content":{"rendered":"\n<p>En di\u00e1logo con el director, un recorrido por la inclusi\u00f3n, los mitos alrededor de las personas con discapacidad y las deudas de la sociedad y el Estado para con ese colectivo.<\/p>\n\n\n\n<p>Hace m\u00e1s de diez a\u00f1os&nbsp;<strong>Juan Ignacio Acosta<\/strong>&nbsp;fund\u00f3 la&nbsp;<strong>Compa\u00f1\u00eda de&nbsp;<a href=\"https:\/\/www.ambito.com\/arte-a5122649\">arte<\/a>&nbsp;inclusiva \u201cLas Ilusiones\u201d<\/strong>, que actualmente est\u00e1 compuesta por m\u00e1s de 500 artistas con y sin&nbsp;<strong><a href=\"https:\/\/www.ambito.com\/discapacidad-a5123225\">discapacidad<\/a><\/strong>&nbsp;intelectual y que cuenta con nueve sedes en Capital, Provincia y Entre R\u00edos. El director, que apuesta a \u201cver potencial, en vez de barreras\u201d, insta as\u00ed a pensar el arte inclusivo como un movimiento art\u00edstico y un cambio de paradigma respecto del canon actual de las artes esc\u00e9nicas.<\/p>\n\n\n\n<p>Para seguir leyendo click en el link de abajo<\/p>\n\n\n\n<p><a href=\"https:\/\/www.ambito.com\/espectaculos\/discapacidad\/las-ilusiones-la-compania-arte-inclusiva-que-ya-tiene-500-integrantes-y-9-sedes-n5149100\">https:\/\/www.ambito.com\/espectaculos\/discapacidad\/las-ilusiones-la-compania-arte-inclusiva-que-ya-tiene-500-integrantes-y-9-sedes-n5149100<\/a><\/p>\n","protected":false},"excerpt":{"rendered":"<p>En di\u00e1logo con el director, un recorrido por la inclusi\u00f3n, los mitos alrededor de las personas con discapacidad y las deudas de la sociedad y&hellip;<\/p>\n","protected":false},"author":1,"featured_media":718,"comment_status":"open","ping_status":"open","sticky":false,"template":"","format":"standard","meta":{"_monsterinsights_skip_tracking":false,"_monsterinsights_sitenote_active":false,"_monsterinsights_sitenote_note":"","_monsterinsights_sitenote_category":0,"footnotes":""},"categories":[9],"tags":[],"class_list":["post-714","post","type-post","status-publish","format-standard","has-post-thumbnail","hentry","category-presa"],"_links":{"self":[{"href":"https:\/\/lasilusiones.com.ar\/blog\/wp-json\/wp\/v2\/posts\/714","targetHints":{"allow":["GET"]}}],"collection":[{"href":"https:\/\/lasilusiones.com.ar\/blog\/wp-json\/wp\/v2\/posts"}],"about":[{"href":"https:\/\/lasilusiones.com.ar\/blog\/wp-json\/wp\/v2\/types\/post"}],"author":[{"embeddable":true,"href":"https:\/\/lasilusiones.com.ar\/blog\/wp-json\/wp\/v2\/users\/1"}],"replies":[{"embeddable":true,"href":"https:\/\/lasilusiones.com.ar\/blog\/wp-json\/wp\/v2\/comments?post=714"}],"version-history":[{"count":0,"href":"https:\/\/lasilusiones.com.ar\/blog\/wp-json\/wp\/v2\/posts\/714\/revisions"}],"wp:featuredmedia":[{"embeddable":true,"href":"https:\/\/lasilusiones.com.ar\/blog\/wp-json\/"}],"wp:attachment":[{"href":"https:\/\/lasilusiones.com.ar\/blog\/wp-json\/wp\/v2\/media?parent=714"}],"wp:term":[{"taxonomy":"category","embeddable":true,"href":"https:\/\/lasilusiones.com.ar\/blog\/wp-json\/wp\/v2\/categories?post=714"},{"taxonomy":"post_tag","embeddable":true,"href":"https:\/\/lasilusiones.com.ar\/blog\/wp-json\/wp\/v2\/tags?post=714"}],"curies":[{"name":"wp","href":"https:\/\/api.w.org\/{rel}","templated":true}]}}