{"id":731,"date":"2020-11-23T19:45:00","date_gmt":"2020-11-23T22:45:00","guid":{"rendered":"https:\/\/lasilusiones.com.ar\/blog\/?p=731"},"modified":"2020-11-23T19:45:00","modified_gmt":"2020-11-23T22:45:00","slug":"juan-ignacio-acosta-brindo-una-capacitacion-en-el-1o-festival-inclusivo-de-bariloche","status":"publish","type":"post","link":"https:\/\/lasilusiones.com.ar\/blog\/juan-ignacio-acosta-brindo-una-capacitacion-en-el-1o-festival-inclusivo-de-bariloche\/","title":{"rendered":"Juan Ignacio Acosta brind\u00f3 una capacitaci\u00f3n en el 1\u00ba Festival Inclusivo de Bariloche"},"content":{"rendered":"\n<p>Noviembre fue protagonista de \u201cIntegrarte Bariloche\u201d, un festival impulsado por la Direcci\u00f3n de Gesti\u00f3n para las Personas con Discapacidad y la Subsecretar\u00eda de Cultura de la Ciudad de Bariloche. Se convocaron a asociaciones y artistas que se sumaron a esta iniciativa. <\/p>\n\n\n\n<p>El Director General de la compa\u00f1\u00eda brind\u00f3 un taller gratuito de Pr\u00e1cticas Art\u00edsticas Inclusivas destinado a docentes, terapeutas, artistas y publico general que estuviera interesado en la inclusi\u00f3n y el arte.<\/p>\n\n\n\n<p>En este sentido, para Juan Ignacio Acosta, la experiencia &#8220;ha sido de una retroalimentaci\u00f3n muy grande. En lo personal fue algo muy valioso porque se compartieron las experiencias volcadas en el libro, por lo que se convirti\u00f3 en el primer taller del cual se parti\u00f3 del libro&#8221;; y agreg\u00f3: &#8220;creo que la ciudad tiene mucho potencial art\u00edstico y puede ser un semillero de arte inclusivo que puede servir de ejemplo para otras provincias o ciudades&#8221;.<\/p>\n\n\n\n<p> A continuaci\u00f3n compartimos el art\u00edculo del portal de noticias de Bariloche. <\/p>\n\n\n\n<figure class=\"wp-block-embed-wordpress wp-block-embed is-type-wp-embed is-provider-bariloche-informa\"><div class=\"wp-block-embed__wrapper\">\n<blockquote class=\"wp-embedded-content\" data-secret=\"M1WTcmBrwY\"><a href=\"https:\/\/barilocheinforma.gob.ar\/integracion-a-traves-del-arte-murales-y-capacitaciones-en-el-1o-festival-inclusivo-de-muralismo\/\">Integraci\u00f3n a trav\u00e9s del arte: murales y capacitaciones en el 1\u00ba Festival Inclusivo de Muralismo<\/a><\/blockquote><iframe loading=\"lazy\" class=\"wp-embedded-content\" sandbox=\"allow-scripts\" security=\"restricted\" style=\"position: absolute; visibility: hidden;\" title=\"&#8220;Integraci\u00f3n a trav\u00e9s del arte: murales y capacitaciones en el 1\u00ba Festival Inclusivo de Muralismo&#8221; &#8212; Bariloche Informa\" src=\"https:\/\/barilocheinforma.gob.ar\/integracion-a-traves-del-arte-murales-y-capacitaciones-en-el-1o-festival-inclusivo-de-muralismo\/embed\/#?secret=aD3AV2lMqL#?secret=M1WTcmBrwY\" data-secret=\"M1WTcmBrwY\" width=\"525\" height=\"296\" frameborder=\"0\" marginwidth=\"0\" marginheight=\"0\" scrolling=\"no\"><\/iframe>\n<\/div><\/figure>\n\n\n\n<p><\/p>\n","protected":false},"excerpt":{"rendered":"<p>Noviembre fue protagonista de \u201cIntegrarte Bariloche\u201d, un festival impulsado por la Direcci\u00f3n de Gesti\u00f3n para las Personas con Discapacidad y la Subsecretar\u00eda de Cultura de&hellip;<\/p>\n","protected":false},"author":1,"featured_media":732,"comment_status":"open","ping_status":"open","sticky":false,"template":"","format":"standard","meta":{"_monsterinsights_skip_tracking":false,"_monsterinsights_sitenote_active":false,"_monsterinsights_sitenote_note":"","_monsterinsights_sitenote_category":0,"footnotes":""},"categories":[3,8],"tags":[],"class_list":["post-731","post","type-post","status-publish","format-standard","has-post-thumbnail","hentry","category-actividades","category-prensa"],"_links":{"self":[{"href":"https:\/\/lasilusiones.com.ar\/blog\/wp-json\/wp\/v2\/posts\/731","targetHints":{"allow":["GET"]}}],"collection":[{"href":"https:\/\/lasilusiones.com.ar\/blog\/wp-json\/wp\/v2\/posts"}],"about":[{"href":"https:\/\/lasilusiones.com.ar\/blog\/wp-json\/wp\/v2\/types\/post"}],"author":[{"embeddable":true,"href":"https:\/\/lasilusiones.com.ar\/blog\/wp-json\/wp\/v2\/users\/1"}],"replies":[{"embeddable":true,"href":"https:\/\/lasilusiones.com.ar\/blog\/wp-json\/wp\/v2\/comments?post=731"}],"version-history":[{"count":0,"href":"https:\/\/lasilusiones.com.ar\/blog\/wp-json\/wp\/v2\/posts\/731\/revisions"}],"wp:featuredmedia":[{"embeddable":true,"href":"https:\/\/lasilusiones.com.ar\/blog\/wp-json\/"}],"wp:attachment":[{"href":"https:\/\/lasilusiones.com.ar\/blog\/wp-json\/wp\/v2\/media?parent=731"}],"wp:term":[{"taxonomy":"category","embeddable":true,"href":"https:\/\/lasilusiones.com.ar\/blog\/wp-json\/wp\/v2\/categories?post=731"},{"taxonomy":"post_tag","embeddable":true,"href":"https:\/\/lasilusiones.com.ar\/blog\/wp-json\/wp\/v2\/tags?post=731"}],"curies":[{"name":"wp","href":"https:\/\/api.w.org\/{rel}","templated":true}]}}